{"id":11927,"date":"2024-10-16T17:51:02","date_gmt":"2024-10-16T15:51:02","guid":{"rendered":"https:\/\/www.esla.eu\/1010006-air-tractor-plataforma-mobil-de-treball\/"},"modified":"2024-10-25T12:33:27","modified_gmt":"2024-10-25T10:33:27","slug":"1010006-air-tractor-plataforma-mobil-de-treball","status":"publish","type":"post","link":"https:\/\/www.esla.eu\/ca\/1010006-air-tractor-plataforma-mobil-de-treball\/","title":{"rendered":"1010006 &#8211; Plataforma m\u00f2bil de treball"},"content":{"rendered":"\t\t<div data-elementor-type=\"wp-post\" data-elementor-id=\"11927\" class=\"elementor elementor-11927 elementor-11899\" data-elementor-post-type=\"post\">\n\t\t\t\t\t\t<section class=\"elementor-section elementor-top-section elementor-element elementor-element-53a2f38f elementor-section-boxed elementor-section-height-default elementor-section-height-default\" data-id=\"53a2f38f\" data-element_type=\"section\" data-e-type=\"section\">\n\t\t\t\t\t\t<div class=\"elementor-container elementor-column-gap-default\">\n\t\t\t\t\t<div class=\"elementor-column elementor-col-50 elementor-top-column elementor-element elementor-element-44f57074\" data-id=\"44f57074\" data-element_type=\"column\" data-e-type=\"column\">\n\t\t\t<div class=\"elementor-widget-wrap elementor-element-populated\">\n\t\t\t\t\t\t<div class=\"elementor-element elementor-element-774ebcf2 elementor-widget__width-initial elementor-widget elementor-widget-image\" data-id=\"774ebcf2\" data-element_type=\"widget\" data-e-type=\"widget\" data-widget_type=\"image.default\">\n\t\t\t\t<div class=\"elementor-widget-container\">\n\t\t\t\t\t\t\t\t\t\t\t\t\t\t\t\t<a href=\"https:\/\/www.esla.eu\/wp-content\/uploads\/2024\/10\/21cf71e9-c2a3-436b-8b14-dc66f7d3b2a2-scaled-e1729093808226.jpg\" data-elementor-open-lightbox=\"yes\" data-elementor-lightbox-title=\"21cf71e9-c2a3-436b-8b14-dc66f7d3b2a2\" data-e-action-hash=\"#elementor-action%3Aaction%3Dlightbox%26settings%3DeyJpZCI6MTE5MDEsInVybCI6Imh0dHBzOlwvXC93d3cuZXNsYS5ldVwvd3AtY29udGVudFwvdXBsb2Fkc1wvMjAyNFwvMTBcLzIxY2Y3MWU5LWMyYTMtNDM2Yi04YjE0LWRjNjZmN2QzYjJhMi1zY2FsZWQtZTE3MjkwOTM4MDgyMjYuanBnIn0%3D\">\n\t\t\t\t\t\t\t<img fetchpriority=\"high\" decoding=\"async\" width=\"2560\" height=\"1619\" src=\"https:\/\/www.esla.eu\/wp-content\/uploads\/2024\/10\/21cf71e9-c2a3-436b-8b14-dc66f7d3b2a2-scaled-e1729093808226.jpg\" class=\"attachment-full size-full wp-image-11901\" alt=\"\" \/>\t\t\t\t\t\t\t\t<\/a>\n\t\t\t\t\t\t\t\t\t\t\t\t\t\t\t<\/div>\n\t\t\t\t<\/div>\n\t\t\t\t\t<\/div>\n\t\t<\/div>\n\t\t\t\t<div class=\"elementor-column elementor-col-50 elementor-top-column elementor-element elementor-element-7f1118a9\" data-id=\"7f1118a9\" data-element_type=\"column\" data-e-type=\"column\">\n\t\t\t<div class=\"elementor-widget-wrap elementor-element-populated\">\n\t\t\t\t\t\t<div class=\"elementor-element elementor-element-5e4bd47d elementor-widget elementor-widget-text-editor\" data-id=\"5e4bd47d\" data-element_type=\"widget\" data-e-type=\"widget\" data-widget_type=\"text-editor.default\">\n\t\t\t\t<div class=\"elementor-widget-container\">\n\t\t\t\t\t\t\t\t\t<p><strong>Necessitat del client:&nbsp;<\/strong>\u201cSom una empresa del sector aeron\u00e0utic i necessitem una escala amb la qual poder dur a terme el manteniment dels nostres avions. Ens interessa poder accedir a les diferents parts del vehicle.\u201d<\/p>\n<p><strong>Soluci\u00f3 d&#8217;ESLA: <\/strong>El producte 1010006 \u00e9s una plataforma de treball m\u00f2bil d&#8217;alumini dissenyada per diversos sectors, incl\u00f2s l&#8217;aeron\u00e0utic.<\/p>\n<p style=\"font-weight: 400;\">La plataforma t\u00e9 dues rodes per poder moure-la. Tamb\u00e9 permet situar-se a diferents al\u00e7ades per fer el manteniment de les ales, les h\u00e8lices i les altres parts dels avions. Est\u00e0 ben equipada amb una o dues baranes a elecci\u00f3 per tal de garantir la seguretat.  <\/p>\n<p><strong>Caracter\u00edstiques:<\/strong><\/p>\n<ul>\n<li>\n<p style=\"font-weight: 400;\">Inclinaci\u00f3 de l&#8217;escala de 60\u00b0.<\/p>\n<\/li>\n<li>\n<p style=\"font-weight: 400;\">Perfil d\u2019alumini dels esglaons extrusionat per fer una funci\u00f3 antilliscant.<\/p>\n<\/li>\n<li>\n<p style=\"font-weight: 400;\">Les rodes posteriors s\u00f3n de 150\/200 mm amb fre de palanca.<\/p>\n<\/li>\n<li>\n<p style=\"font-weight: 400;\">Els estabilitzadors es poden retallar col\u00b7locant contrapesos.<\/p>\n<\/li>\n<li>\n<p style=\"font-weight: 400;\">Compta amb nanses davanteres per poder agafar la plataforma.<\/p>\n<\/li>\n<\/ul>\t\t\t\t\t\t\t\t<\/div>\n\t\t\t\t<\/div>\n\t\t\t\t\t<\/div>\n\t\t<\/div>\n\t\t\t\t\t<\/div>\n\t\t<\/section>\n\t\t\t\t<section class=\"elementor-section elementor-top-section elementor-element elementor-element-7d045a0a elementor-section-boxed elementor-section-height-default elementor-section-height-default\" data-id=\"7d045a0a\" data-element_type=\"section\" data-e-type=\"section\">\n\t\t\t\t\t\t<div class=\"elementor-container elementor-column-gap-default\">\n\t\t\t\t\t<div class=\"elementor-column elementor-col-100 elementor-top-column elementor-element elementor-element-4e85d80d\" data-id=\"4e85d80d\" data-element_type=\"column\" data-e-type=\"column\">\n\t\t\t<div class=\"elementor-widget-wrap elementor-element-populated\">\n\t\t\t\t\t\t<div class=\"elementor-element elementor-element-2e4932a7 elementor-widget__width-initial elementor-arrows-position-inside elementor-widget elementor-widget-image-carousel\" data-id=\"2e4932a7\" data-element_type=\"widget\" data-e-type=\"widget\" data-settings=\"{&quot;slides_to_show&quot;:&quot;2&quot;,&quot;navigation&quot;:&quot;arrows&quot;,&quot;autoplay&quot;:&quot;yes&quot;,&quot;pause_on_hover&quot;:&quot;yes&quot;,&quot;pause_on_interaction&quot;:&quot;yes&quot;,&quot;autoplay_speed&quot;:5000,&quot;infinite&quot;:&quot;yes&quot;,&quot;speed&quot;:500}\" data-widget_type=\"image-carousel.default\">\n\t\t\t\t<div class=\"elementor-widget-container\">\n\t\t\t\t\t\t\t<div class=\"elementor-image-carousel-wrapper swiper\" role=\"region\" aria-roledescription=\"carousel\" aria-label=\"Carrusel d&#039;imatges\" dir=\"ltr\">\n\t\t\t<div class=\"elementor-image-carousel swiper-wrapper swiper-image-stretch\" aria-live=\"off\">\n\t\t\t\t\t\t\t\t<div class=\"swiper-slide\" role=\"group\" aria-roledescription=\"slide\" aria-label=\"1 de 2\"><a data-elementor-open-lightbox=\"yes\" data-elementor-lightbox-slideshow=\"2e4932a7\" data-elementor-lightbox-title=\"d7b7c850-ad04-43aa-8c99-17acb01bcab8\" data-e-action-hash=\"#elementor-action%3Aaction%3Dlightbox%26settings%3DeyJpZCI6MTE5MDYsInVybCI6Imh0dHBzOlwvXC93d3cuZXNsYS5ldVwvd3AtY29udGVudFwvdXBsb2Fkc1wvMjAyNFwvMTBcL2Q3YjdjODUwLWFkMDQtNDNhYS04Yzk5LTE3YWNiMDFiY2FiOC1zY2FsZWQtZTE3MjkwOTM2OTQ1MTcuanBnIiwic2xpZGVzaG93IjoiMmU0OTMyYTcifQ%3D%3D\" href=\"https:\/\/www.esla.eu\/wp-content\/uploads\/2024\/10\/d7b7c850-ad04-43aa-8c99-17acb01bcab8-scaled-e1729093694517.jpg\"><figure class=\"swiper-slide-inner\"><img decoding=\"async\" class=\"swiper-slide-image\" src=\"https:\/\/www.esla.eu\/wp-content\/uploads\/2024\/10\/d7b7c850-ad04-43aa-8c99-17acb01bcab8-scaled-e1729093694517.jpg\" alt=\"d7b7c850-ad04-43aa-8c99-17acb01bcab8\" \/><\/figure><\/a><\/div><div class=\"swiper-slide\" role=\"group\" aria-roledescription=\"slide\" aria-label=\"2 de 2\"><a data-elementor-open-lightbox=\"yes\" data-elementor-lightbox-slideshow=\"2e4932a7\" data-elementor-lightbox-title=\"d84e77a7-c771-4857-90af-bf1a52914ddb\" data-e-action-hash=\"#elementor-action%3Aaction%3Dlightbox%26settings%3DeyJpZCI6MTE5MTEsInVybCI6Imh0dHBzOlwvXC93d3cuZXNsYS5ldVwvd3AtY29udGVudFwvdXBsb2Fkc1wvMjAyNFwvMTBcL2Q4NGU3N2E3LWM3NzEtNDg1Ny05MGFmLWJmMWE1MjkxNGRkYi1zY2FsZWQtZTE3MjkwOTM2NzEzNzMuanBnIiwic2xpZGVzaG93IjoiMmU0OTMyYTcifQ%3D%3D\" href=\"https:\/\/www.esla.eu\/wp-content\/uploads\/2024\/10\/d84e77a7-c771-4857-90af-bf1a52914ddb-scaled-e1729093671373.jpg\"><figure class=\"swiper-slide-inner\"><img decoding=\"async\" class=\"swiper-slide-image\" src=\"https:\/\/www.esla.eu\/wp-content\/uploads\/2024\/10\/d84e77a7-c771-4857-90af-bf1a52914ddb-scaled-e1729093671373.jpg\" alt=\"d84e77a7-c771-4857-90af-bf1a52914ddb\" \/><\/figure><\/a><\/div>\t\t\t<\/div>\n\t\t\t\t\t\t\t\t\t\t\t\t<div class=\"elementor-swiper-button elementor-swiper-button-prev\" role=\"button\" tabindex=\"0\">\n\t\t\t\t\t\t<svg aria-hidden=\"true\" class=\"e-font-icon-svg e-eicon-chevron-left\" viewBox=\"0 0 1000 1000\" xmlns=\"http:\/\/www.w3.org\/2000\/svg\"><path d=\"M646 125C629 125 613 133 604 142L308 442C296 454 292 471 292 487 292 504 296 521 308 533L604 854C617 867 629 875 646 875 663 875 679 871 692 858 704 846 713 829 713 812 713 796 708 779 692 767L438 487 692 225C700 217 708 204 708 187 708 171 704 154 692 142 675 129 663 125 646 125Z\"><\/path><\/svg>\t\t\t\t\t<\/div>\n\t\t\t\t\t<div class=\"elementor-swiper-button elementor-swiper-button-next\" role=\"button\" tabindex=\"0\">\n\t\t\t\t\t\t<svg aria-hidden=\"true\" class=\"e-font-icon-svg e-eicon-chevron-right\" viewBox=\"0 0 1000 1000\" xmlns=\"http:\/\/www.w3.org\/2000\/svg\"><path d=\"M696 533C708 521 713 504 713 487 713 471 708 454 696 446L400 146C388 133 375 125 354 125 338 125 325 129 313 142 300 154 292 171 292 187 292 204 296 221 308 233L563 492 304 771C292 783 288 800 288 817 288 833 296 850 308 863 321 871 338 875 354 875 371 875 388 867 400 854L696 533Z\"><\/path><\/svg>\t\t\t\t\t<\/div>\n\t\t\t\t\n\t\t\t\t\t\t\t\t\t<\/div>\n\t\t\t\t\t\t<\/div>\n\t\t\t\t<\/div>\n\t\t\t\t\t<\/div>\n\t\t<\/div>\n\t\t\t\t\t<\/div>\n\t\t<\/section>\n\t\t\t\t<\/div>\n\t\t","protected":false},"excerpt":{"rendered":"<p>Necessitat del client:&nbsp;\u201cSom una empresa del sector aeron\u00e0utic i necessitem una escala amb la qual poder dur a terme el manteniment dels nostres avions. Ens interessa poder accedir a les diferents parts del vehicle.\u201d Soluci\u00f3 d&#8217;ESLA: El producte 1010006 \u00e9s una plataforma de treball m\u00f2bil d&#8217;alumini dissenyada per diversos sectors, incl\u00f2s l&#8217;aeron\u00e0utic. La plataforma t\u00e9 [&hellip;]<\/p>\n","protected":false},"author":4,"featured_media":11901,"comment_status":"closed","ping_status":"closed","sticky":false,"template":"","format":"standard","meta":{"inline_featured_image":false,"footnotes":""},"categories":[240],"tags":[],"class_list":["post-11927","post","type-post","status-publish","format-standard","has-post-thumbnail","hentry","category-projectes"],"rttpg_featured_image_url":{"full":["https:\/\/www.esla.eu\/wp-content\/uploads\/2024\/10\/21cf71e9-c2a3-436b-8b14-dc66f7d3b2a2-scaled-e1729093808226.jpg",2560,1619,false],"landscape":["https:\/\/www.esla.eu\/wp-content\/uploads\/2024\/10\/21cf71e9-c2a3-436b-8b14-dc66f7d3b2a2-scaled-e1729093808226.jpg",2560,1619,false],"portraits":["https:\/\/www.esla.eu\/wp-content\/uploads\/2024\/10\/21cf71e9-c2a3-436b-8b14-dc66f7d3b2a2-scaled-e1729093808226.jpg",2560,1619,false],"thumbnail":["https:\/\/www.esla.eu\/wp-content\/uploads\/2024\/10\/21cf71e9-c2a3-436b-8b14-dc66f7d3b2a2-150x150.jpg",150,150,true],"medium":["https:\/\/www.esla.eu\/wp-content\/uploads\/2024\/10\/21cf71e9-c2a3-436b-8b14-dc66f7d3b2a2-300x190.jpg",300,190,true],"large":["https:\/\/www.esla.eu\/wp-content\/uploads\/2024\/10\/21cf71e9-c2a3-436b-8b14-dc66f7d3b2a2-1024x648.jpg",812,514,true],"1536x1536":["https:\/\/www.esla.eu\/wp-content\/uploads\/2024\/10\/21cf71e9-c2a3-436b-8b14-dc66f7d3b2a2-1536x971.jpg",1536,971,true],"2048x2048":["https:\/\/www.esla.eu\/wp-content\/uploads\/2024\/10\/21cf71e9-c2a3-436b-8b14-dc66f7d3b2a2-2048x1295.jpg",2048,1295,true],"woocommerce_thumbnail":["https:\/\/www.esla.eu\/wp-content\/uploads\/2024\/10\/21cf71e9-c2a3-436b-8b14-dc66f7d3b2a2-300x190.jpg",300,190,true],"woocommerce_single":["https:\/\/www.esla.eu\/wp-content\/uploads\/2024\/10\/21cf71e9-c2a3-436b-8b14-dc66f7d3b2a2-600x379.jpg",600,379,true],"woocommerce_gallery_thumbnail":["https:\/\/www.esla.eu\/wp-content\/uploads\/2024\/10\/21cf71e9-c2a3-436b-8b14-dc66f7d3b2a2-100x63.jpg",100,63,true]},"rttpg_author":{"display_name":"Emma Garc\u00eda","author_link":"https:\/\/www.esla.eu\/ca\/author\/emma\/"},"rttpg_comment":0,"rttpg_category":"<a href=\"https:\/\/www.esla.eu\/ca\/category\/projectes\/\" rel=\"category tag\">Projectes<\/a>","rttpg_excerpt":"Necessitat del client:&nbsp;\u201cSom una empresa del sector aeron\u00e0utic i necessitem una escala amb la qual poder dur a terme el manteniment dels nostres avions. Ens interessa poder accedir a les diferents parts del vehicle.\u201d Soluci\u00f3 d&#8217;ESLA: El producte 1010006 \u00e9s una plataforma de treball m\u00f2bil d&#8217;alumini dissenyada per diversos sectors, incl\u00f2s l&#8217;aeron\u00e0utic. La plataforma t\u00e9&hellip;","_links":{"self":[{"href":"https:\/\/www.esla.eu\/ca\/wp-json\/wp\/v2\/posts\/11927","targetHints":{"allow":["GET"]}}],"collection":[{"href":"https:\/\/www.esla.eu\/ca\/wp-json\/wp\/v2\/posts"}],"about":[{"href":"https:\/\/www.esla.eu\/ca\/wp-json\/wp\/v2\/types\/post"}],"author":[{"embeddable":true,"href":"https:\/\/www.esla.eu\/ca\/wp-json\/wp\/v2\/users\/4"}],"replies":[{"embeddable":true,"href":"https:\/\/www.esla.eu\/ca\/wp-json\/wp\/v2\/comments?post=11927"}],"version-history":[{"count":5,"href":"https:\/\/www.esla.eu\/ca\/wp-json\/wp\/v2\/posts\/11927\/revisions"}],"predecessor-version":[{"id":11978,"href":"https:\/\/www.esla.eu\/ca\/wp-json\/wp\/v2\/posts\/11927\/revisions\/11978"}],"wp:featuredmedia":[{"embeddable":true,"href":"https:\/\/www.esla.eu\/ca\/wp-json\/wp\/v2\/media\/11901"}],"wp:attachment":[{"href":"https:\/\/www.esla.eu\/ca\/wp-json\/wp\/v2\/media?parent=11927"}],"wp:term":[{"taxonomy":"category","embeddable":true,"href":"https:\/\/www.esla.eu\/ca\/wp-json\/wp\/v2\/categories?post=11927"},{"taxonomy":"post_tag","embeddable":true,"href":"https:\/\/www.esla.eu\/ca\/wp-json\/wp\/v2\/tags?post=11927"}],"curies":[{"name":"wp","href":"https:\/\/api.w.org\/{rel}","templated":true}]}}