{"id":8500,"date":"2024-04-04T11:42:15","date_gmt":"2024-04-04T09:42:15","guid":{"rendered":"https:\/\/esla.crealogica.eu\/2001661-plataforma-movil-para-el-mantenimiento-de-autobuses\/"},"modified":"2024-05-09T07:16:06","modified_gmt":"2024-05-09T05:16:06","slug":"2001661-plataforma-movil-para-el-mantenimiento-de-autobuses","status":"publish","type":"post","link":"https:\/\/www.esla.eu\/ca\/2001661-plataforma-movil-para-el-mantenimiento-de-autobuses\/","title":{"rendered":"2001661 &#8211; Plataforma m\u00f2bil per al manteniment d&#8217;autobusos"},"content":{"rendered":"\t\t<div data-elementor-type=\"wp-post\" data-elementor-id=\"8500\" class=\"elementor elementor-8500 elementor-5717\" data-elementor-post-type=\"post\">\n\t\t\t\t\t\t<section class=\"elementor-section elementor-top-section elementor-element elementor-element-6ef94ce2 elementor-section-boxed elementor-section-height-default elementor-section-height-default\" data-id=\"6ef94ce2\" data-element_type=\"section\" data-e-type=\"section\">\n\t\t\t\t\t\t<div class=\"elementor-container elementor-column-gap-default\">\n\t\t\t\t\t<div class=\"elementor-column elementor-col-50 elementor-top-column elementor-element elementor-element-32d09c6c\" data-id=\"32d09c6c\" data-element_type=\"column\" data-e-type=\"column\">\n\t\t\t<div class=\"elementor-widget-wrap elementor-element-populated\">\n\t\t\t\t\t\t<div class=\"elementor-element elementor-element-42db665 elementor-widget elementor-widget-image\" data-id=\"42db665\" data-element_type=\"widget\" data-e-type=\"widget\" data-widget_type=\"image.default\">\n\t\t\t\t<div class=\"elementor-widget-container\">\n\t\t\t\t\t\t\t\t\t\t\t\t\t\t\t\t<a href=\"https:\/\/www.esla.eu\/wp-content\/uploads\/2024\/04\/Snapseed_903d-13.jpg\" data-elementor-open-lightbox=\"yes\" data-elementor-lightbox-title=\"Snapseed_903d-13\" data-e-action-hash=\"#elementor-action%3Aaction%3Dlightbox%26settings%3DeyJpZCI6NTcxOSwidXJsIjoiaHR0cHM6XC9cL3d3dy5lc2xhLmV1XC93cC1jb250ZW50XC91cGxvYWRzXC8yMDI0XC8wNFwvU25hcHNlZWRfOTAzZC0xMy5qcGcifQ%3D%3D\">\n\t\t\t\t\t\t\t<img fetchpriority=\"high\" decoding=\"async\" width=\"300\" height=\"225\" src=\"https:\/\/www.esla.eu\/wp-content\/uploads\/2024\/04\/Snapseed_903d-13.jpg\" class=\"attachment-full size-full wp-image-5719\" alt=\"\" srcset=\"https:\/\/www.esla.eu\/wp-content\/uploads\/2024\/04\/Snapseed_903d-13.jpg 300w, https:\/\/www.esla.eu\/wp-content\/uploads\/2024\/04\/Snapseed_903d-13-100x75.jpg 100w\" sizes=\"(max-width: 300px) 100vw, 300px\" \/>\t\t\t\t\t\t\t\t<\/a>\n\t\t\t\t\t\t\t\t\t\t\t\t\t\t\t<\/div>\n\t\t\t\t<\/div>\n\t\t\t\t\t<\/div>\n\t\t<\/div>\n\t\t\t\t<div class=\"elementor-column elementor-col-50 elementor-top-column elementor-element elementor-element-e150550\" data-id=\"e150550\" data-element_type=\"column\" data-e-type=\"column\">\n\t\t\t<div class=\"elementor-widget-wrap elementor-element-populated\">\n\t\t\t\t\t\t<div class=\"elementor-element elementor-element-d608ee8 elementor-widget elementor-widget-text-editor\" data-id=\"d608ee8\" data-element_type=\"widget\" data-e-type=\"widget\" data-widget_type=\"text-editor.default\">\n\t\t\t\t<div class=\"elementor-widget-container\">\n\t\t\t\t\t\t\t\t\t<p><strong>Necessitat del client:<\/strong> &#8220;Al meu nou lloc necessito una passarel\u00b7la retr\u00e0ctil per al manteniment d&#8217;autobusos el\u00e8ctrics. Ens agradaria disposar d&#8217;una passarel\u00b7la fixada a la paret amb una part m\u00f2bil que subject\u00e9s el vehicle per realitzar operacions de manteniment segures.&#8221; <\/p>\n<p><strong>Soluci\u00f3\u00a0d&#8217;ESLA:<\/strong> La plataforma 2001661 \u00e9s regulable en altura per fixar lateralment l&#8217;equip. Est\u00e0 fabricada en alumini i disposa d\u00b4un acc\u00e9s lateral, baranes i g\u00e0bia regulable de seguretat, rodes girat\u00f2ries i xass\u00eds d\u00b4acer pintat. Est\u00e0 pensada per a ser utilitzada en un autob\u00fas acoblat al lateral amb acc\u00e9s al sostre de l&#8217;autob\u00fas.<\/p>\n\t\t\t\t\t\t\t\t<\/div>\n\t\t\t\t<\/div>\n\t\t\t\t\t<\/div>\n\t\t<\/div>\n\t\t\t\t\t<\/div>\n\t\t<\/section>\n\t\t\t\t<section class=\"elementor-section elementor-top-section elementor-element elementor-element-57eea6c elementor-section-boxed elementor-section-height-default elementor-section-height-default\" data-id=\"57eea6c\" data-element_type=\"section\" data-e-type=\"section\">\n\t\t\t\t\t\t<div class=\"elementor-container elementor-column-gap-default\">\n\t\t\t\t\t<div class=\"elementor-column elementor-col-100 elementor-top-column elementor-element elementor-element-915c0f7\" data-id=\"915c0f7\" data-element_type=\"column\" data-e-type=\"column\">\n\t\t\t<div class=\"elementor-widget-wrap elementor-element-populated\">\n\t\t\t\t\t\t<div class=\"elementor-element elementor-element-c95fc2f elementor-arrows-position-inside elementor-widget elementor-widget-image-carousel\" data-id=\"c95fc2f\" data-element_type=\"widget\" data-e-type=\"widget\" data-settings=\"{&quot;slides_to_show&quot;:&quot;2&quot;,&quot;navigation&quot;:&quot;arrows&quot;,&quot;autoplay&quot;:&quot;yes&quot;,&quot;pause_on_hover&quot;:&quot;yes&quot;,&quot;pause_on_interaction&quot;:&quot;yes&quot;,&quot;autoplay_speed&quot;:5000,&quot;infinite&quot;:&quot;yes&quot;,&quot;speed&quot;:500}\" data-widget_type=\"image-carousel.default\">\n\t\t\t\t<div class=\"elementor-widget-container\">\n\t\t\t\t\t\t\t<div class=\"elementor-image-carousel-wrapper swiper\" role=\"region\" aria-roledescription=\"carousel\" aria-label=\"Carrusel d&#039;imatges\" dir=\"ltr\">\n\t\t\t<div class=\"elementor-image-carousel swiper-wrapper\" aria-live=\"off\">\n\t\t\t\t\t\t\t\t<div class=\"swiper-slide\" role=\"group\" aria-roledescription=\"slide\" aria-label=\"1 de 2\"><a data-elementor-open-lightbox=\"yes\" data-elementor-lightbox-slideshow=\"c95fc2f\" data-elementor-lightbox-title=\"2001559 7\" data-e-action-hash=\"#elementor-action%3Aaction%3Dlightbox%26settings%3DeyJpZCI6NDcwMSwidXJsIjoiaHR0cHM6XC9cL3d3dy5lc2xhLmV1XC93cC1jb250ZW50XC91cGxvYWRzXC8yMDI0XC8wM1wvMjAwMTU1OS03LTEucG5nIiwic2xpZGVzaG93IjoiYzk1ZmMyZiJ9\" href=\"https:\/\/www.esla.eu\/wp-content\/uploads\/2024\/03\/2001559-7-1.png\"><figure class=\"swiper-slide-inner\"><img decoding=\"async\" class=\"swiper-slide-image\" src=\"https:\/\/www.esla.eu\/wp-content\/uploads\/2024\/03\/2001559-7-1.png\" alt=\"2001559 7\" \/><\/figure><\/a><\/div><div class=\"swiper-slide\" role=\"group\" aria-roledescription=\"slide\" aria-label=\"2 de 2\"><a data-elementor-open-lightbox=\"yes\" data-elementor-lightbox-slideshow=\"c95fc2f\" data-elementor-lightbox-title=\"57.3\" data-e-action-hash=\"#elementor-action%3Aaction%3Dlightbox%26settings%3DeyJpZCI6NDY3NywidXJsIjoiaHR0cHM6XC9cL3d3dy5lc2xhLmV1XC93cC1jb250ZW50XC91cGxvYWRzXC8yMDI0XC8wM1wvNTcuMy5wbmciLCJzbGlkZXNob3ciOiJjOTVmYzJmIn0%3D\" href=\"https:\/\/www.esla.eu\/wp-content\/uploads\/2024\/03\/57.3.png\"><figure class=\"swiper-slide-inner\"><img decoding=\"async\" class=\"swiper-slide-image\" src=\"https:\/\/www.esla.eu\/wp-content\/uploads\/2024\/03\/57.3.png\" alt=\"57.3\" \/><\/figure><\/a><\/div>\t\t\t<\/div>\n\t\t\t\t\t\t\t\t\t\t\t\t<div class=\"elementor-swiper-button elementor-swiper-button-prev\" role=\"button\" tabindex=\"0\">\n\t\t\t\t\t\t<svg aria-hidden=\"true\" class=\"e-font-icon-svg e-eicon-chevron-left\" viewBox=\"0 0 1000 1000\" xmlns=\"http:\/\/www.w3.org\/2000\/svg\"><path d=\"M646 125C629 125 613 133 604 142L308 442C296 454 292 471 292 487 292 504 296 521 308 533L604 854C617 867 629 875 646 875 663 875 679 871 692 858 704 846 713 829 713 812 713 796 708 779 692 767L438 487 692 225C700 217 708 204 708 187 708 171 704 154 692 142 675 129 663 125 646 125Z\"><\/path><\/svg>\t\t\t\t\t<\/div>\n\t\t\t\t\t<div class=\"elementor-swiper-button elementor-swiper-button-next\" role=\"button\" tabindex=\"0\">\n\t\t\t\t\t\t<svg aria-hidden=\"true\" class=\"e-font-icon-svg e-eicon-chevron-right\" viewBox=\"0 0 1000 1000\" xmlns=\"http:\/\/www.w3.org\/2000\/svg\"><path d=\"M696 533C708 521 713 504 713 487 713 471 708 454 696 446L400 146C388 133 375 125 354 125 338 125 325 129 313 142 300 154 292 171 292 187 292 204 296 221 308 233L563 492 304 771C292 783 288 800 288 817 288 833 296 850 308 863 321 871 338 875 354 875 371 875 388 867 400 854L696 533Z\"><\/path><\/svg>\t\t\t\t\t<\/div>\n\t\t\t\t\n\t\t\t\t\t\t\t\t\t<\/div>\n\t\t\t\t\t\t<\/div>\n\t\t\t\t<\/div>\n\t\t\t\t\t<\/div>\n\t\t<\/div>\n\t\t\t\t\t<\/div>\n\t\t<\/section>\n\t\t\t\t<\/div>\n\t\t","protected":false},"excerpt":{"rendered":"<p>Necessitat del client: &#8220;Al meu nou lloc necessito una passarel\u00b7la retr\u00e0ctil per al manteniment d&#8217;autobusos el\u00e8ctrics. Ens agradaria disposar d&#8217;una passarel\u00b7la fixada a la paret amb una part m\u00f2bil que subject\u00e9s el vehicle per realitzar operacions de manteniment segures.&#8221; Soluci\u00f3\u00a0d&#8217;ESLA: La plataforma 2001661 \u00e9s regulable en altura per fixar lateralment l&#8217;equip. Est\u00e0 fabricada en alumini [&hellip;]<\/p>\n","protected":false},"author":1,"featured_media":5719,"comment_status":"closed","ping_status":"closed","sticky":false,"template":"","format":"standard","meta":{"inline_featured_image":false,"footnotes":""},"categories":[240],"tags":[],"class_list":["post-8500","post","type-post","status-publish","format-standard","has-post-thumbnail","hentry","category-projectes"],"rttpg_featured_image_url":{"full":["https:\/\/www.esla.eu\/wp-content\/uploads\/2024\/04\/Snapseed_903d-13.jpg",300,225,false],"landscape":["https:\/\/www.esla.eu\/wp-content\/uploads\/2024\/04\/Snapseed_903d-13.jpg",300,225,false],"portraits":["https:\/\/www.esla.eu\/wp-content\/uploads\/2024\/04\/Snapseed_903d-13.jpg",300,225,false],"thumbnail":["https:\/\/www.esla.eu\/wp-content\/uploads\/2024\/04\/Snapseed_903d-13-150x150.jpg",150,150,true],"medium":["https:\/\/www.esla.eu\/wp-content\/uploads\/2024\/04\/Snapseed_903d-13.jpg",300,225,false],"large":["https:\/\/www.esla.eu\/wp-content\/uploads\/2024\/04\/Snapseed_903d-13.jpg",300,225,false],"1536x1536":["https:\/\/www.esla.eu\/wp-content\/uploads\/2024\/04\/Snapseed_903d-13.jpg",300,225,false],"2048x2048":["https:\/\/www.esla.eu\/wp-content\/uploads\/2024\/04\/Snapseed_903d-13.jpg",300,225,false],"woocommerce_thumbnail":["https:\/\/www.esla.eu\/wp-content\/uploads\/2024\/04\/Snapseed_903d-13.jpg",300,225,false],"woocommerce_single":["https:\/\/www.esla.eu\/wp-content\/uploads\/2024\/04\/Snapseed_903d-13.jpg",300,225,false],"woocommerce_gallery_thumbnail":["https:\/\/www.esla.eu\/wp-content\/uploads\/2024\/04\/Snapseed_903d-13-100x75.jpg",100,75,true]},"rttpg_author":{"display_name":"crealogica","author_link":"https:\/\/www.esla.eu\/ca\/author\/crealogica\/"},"rttpg_comment":0,"rttpg_category":"<a href=\"https:\/\/www.esla.eu\/ca\/category\/projectes\/\" rel=\"category tag\">Projectes<\/a>","rttpg_excerpt":"Necessitat del client: &#8220;Al meu nou lloc necessito una passarel\u00b7la retr\u00e0ctil per al manteniment d&#8217;autobusos el\u00e8ctrics. Ens agradaria disposar d&#8217;una passarel\u00b7la fixada a la paret amb una part m\u00f2bil que subject\u00e9s el vehicle per realitzar operacions de manteniment segures.&#8221; Soluci\u00f3\u00a0d&#8217;ESLA: La plataforma 2001661 \u00e9s regulable en altura per fixar lateralment l&#8217;equip. Est\u00e0 fabricada en alumini&hellip;","_links":{"self":[{"href":"https:\/\/www.esla.eu\/ca\/wp-json\/wp\/v2\/posts\/8500","targetHints":{"allow":["GET"]}}],"collection":[{"href":"https:\/\/www.esla.eu\/ca\/wp-json\/wp\/v2\/posts"}],"about":[{"href":"https:\/\/www.esla.eu\/ca\/wp-json\/wp\/v2\/types\/post"}],"author":[{"embeddable":true,"href":"https:\/\/www.esla.eu\/ca\/wp-json\/wp\/v2\/users\/1"}],"replies":[{"embeddable":true,"href":"https:\/\/www.esla.eu\/ca\/wp-json\/wp\/v2\/comments?post=8500"}],"version-history":[{"count":3,"href":"https:\/\/www.esla.eu\/ca\/wp-json\/wp\/v2\/posts\/8500\/revisions"}],"predecessor-version":[{"id":8517,"href":"https:\/\/www.esla.eu\/ca\/wp-json\/wp\/v2\/posts\/8500\/revisions\/8517"}],"wp:featuredmedia":[{"embeddable":true,"href":"https:\/\/www.esla.eu\/ca\/wp-json\/wp\/v2\/media\/5719"}],"wp:attachment":[{"href":"https:\/\/www.esla.eu\/ca\/wp-json\/wp\/v2\/media?parent=8500"}],"wp:term":[{"taxonomy":"category","embeddable":true,"href":"https:\/\/www.esla.eu\/ca\/wp-json\/wp\/v2\/categories?post=8500"},{"taxonomy":"post_tag","embeddable":true,"href":"https:\/\/www.esla.eu\/ca\/wp-json\/wp\/v2\/tags?post=8500"}],"curies":[{"name":"wp","href":"https:\/\/api.w.org\/{rel}","templated":true}]}}