{"id":13339,"date":"2024-07-12T13:43:34","date_gmt":"2024-07-12T11:43:34","guid":{"rendered":"https:\/\/www.esla.eu\/2011052-plattform-fuer-die-wartung-in-der-luftfahrt\/"},"modified":"2026-01-27T11:17:44","modified_gmt":"2026-01-27T10:17:44","slug":"2011052-plattform-fuer-die-wartung-in-der-luftfahrt","status":"publish","type":"post","link":"https:\/\/www.esla.eu\/de\/2011052-plattform-fuer-die-wartung-in-der-luftfahrt\/","title":{"rendered":"2011052 &#8211; Plattform f\u00fcr die Wartung in der Luftfahrt"},"content":{"rendered":"\t\t<div data-elementor-type=\"wp-post\" data-elementor-id=\"13339\" class=\"elementor elementor-13339 elementor-10824\" data-elementor-post-type=\"post\">\n\t\t\t\t\t\t<section class=\"elementor-section elementor-top-section elementor-element elementor-element-53a2f38f elementor-section-boxed elementor-section-height-default elementor-section-height-default\" data-id=\"53a2f38f\" data-element_type=\"section\" data-e-type=\"section\">\n\t\t\t\t\t\t<div class=\"elementor-container elementor-column-gap-default\">\n\t\t\t\t\t<div class=\"elementor-column elementor-col-50 elementor-top-column elementor-element elementor-element-44f57074\" data-id=\"44f57074\" data-element_type=\"column\" data-e-type=\"column\">\n\t\t\t<div class=\"elementor-widget-wrap elementor-element-populated\">\n\t\t\t\t\t\t<div class=\"elementor-element elementor-element-774ebcf2 elementor-widget__width-initial elementor-widget elementor-widget-image\" data-id=\"774ebcf2\" data-element_type=\"widget\" data-e-type=\"widget\" data-widget_type=\"image.default\">\n\t\t\t\t<div class=\"elementor-widget-container\">\n\t\t\t\t\t\t\t\t\t\t\t\t\t\t\t\t<a href=\"https:\/\/www.esla.eu\/wp-content\/uploads\/2024\/07\/2011052-scaled-e1720784838104.jpg\" data-elementor-open-lightbox=\"yes\" data-elementor-lightbox-title=\"2011052\" data-e-action-hash=\"#elementor-action%3Aaction%3Dlightbox%26settings%3DeyJpZCI6MTMzNDYsInVybCI6Imh0dHBzOlwvXC93d3cuZXNsYS5ldVwvd3AtY29udGVudFwvdXBsb2Fkc1wvMjAyNFwvMDdcLzIwMTEwNTItc2NhbGVkLWUxNzIwNzg0ODM4MTA0LmpwZyJ9\">\n\t\t\t\t\t\t\t<img fetchpriority=\"high\" decoding=\"async\" width=\"1707\" height=\"2560\" src=\"https:\/\/www.esla.eu\/wp-content\/uploads\/2024\/07\/2011052-scaled-e1720784838104.jpg\" class=\"attachment-full size-full wp-image-13346\" alt=\"\" \/>\t\t\t\t\t\t\t\t<\/a>\n\t\t\t\t\t\t\t\t\t\t\t\t\t\t\t<\/div>\n\t\t\t\t<\/div>\n\t\t\t\t\t<\/div>\n\t\t<\/div>\n\t\t\t\t<div class=\"elementor-column elementor-col-50 elementor-top-column elementor-element elementor-element-7f1118a9\" data-id=\"7f1118a9\" data-element_type=\"column\" data-e-type=\"column\">\n\t\t\t<div class=\"elementor-widget-wrap elementor-element-populated\">\n\t\t\t\t\t\t<div class=\"elementor-element elementor-element-5e4bd47d elementor-widget elementor-widget-text-editor\" data-id=\"5e4bd47d\" data-element_type=\"widget\" data-e-type=\"widget\" data-widget_type=\"text-editor.default\">\n\t\t\t\t<div class=\"elementor-widget-container\">\n\t\t\t\t\t\t\t\t\t<p><strong>Kundenbedarf:<\/strong> \u201eWir sind im Luftfahrtsektor t\u00e4tig und suchen eine Plattform f\u00fcr die Wartung unserer Fahrzeuge. Wir w\u00fcnschen uns, dass das Produkt einen hohen Schutz bietet, um die Arbeit effizient und sicher zu gestalten.&#8221;<\/p><p><strong>ESLA-L\u00f6sung:<\/strong> Diese mobile Aluminiumplattform ist f\u00fcr den Einsatz in der Luftfahrtindustrie konzipiert. Sie umfasst Sicherheitsverbesserungen wie eine automatische, selbstschlie\u00dfende T\u00fcr, Warnschilder auf einigen Stufen, spezielle R\u00e4der und Stangen zur Fixierung der Leiter. <\/p><p><strong>Eigenschaften:<\/strong><\/p><ul><li>Die Leiter hat eine Neigung von 35\u00b0.<\/li><li>Die Plattformh\u00f6he betr\u00e4gt 2,7 Meter.<\/li><li>Das Produkt kann nach Wunsch und Geschmack des Kunden lackiert werden.<\/li><li>Garantierte Sicherheit durch automatische T\u00fcr, Warnschilder auf der ersten und letzten Sprosse, R\u00e4der mit Schutzvorrichtungen und Stangen, mit denen die Leiter fixiert werden kann.<\/li><\/ul>\t\t\t\t\t\t\t\t<\/div>\n\t\t\t\t<\/div>\n\t\t\t\t\t<\/div>\n\t\t<\/div>\n\t\t\t\t\t<\/div>\n\t\t<\/section>\n\t\t\t\t<\/div>\n\t\t","protected":false},"excerpt":{"rendered":"<p>Kundenbedarf: \u201eWir sind im Luftfahrtsektor t\u00e4tig und suchen eine Plattform f\u00fcr die Wartung unserer Fahrzeuge. Wir w\u00fcnschen uns, dass das Produkt einen hohen Schutz bietet, um die Arbeit effizient und sicher zu gestalten.&#8221; ESLA-L\u00f6sung: Diese mobile Aluminiumplattform ist f\u00fcr den Einsatz in der Luftfahrtindustrie konzipiert. Sie umfasst Sicherheitsverbesserungen wie eine automatische, selbstschlie\u00dfende T\u00fcr, Warnschilder auf [&hellip;]<\/p>\n","protected":false},"author":4,"featured_media":13346,"comment_status":"closed","ping_status":"closed","sticky":false,"template":"","format":"standard","meta":{"inline_featured_image":false,"footnotes":""},"categories":[429],"tags":[],"class_list":["post-13339","post","type-post","status-publish","format-standard","has-post-thumbnail","hentry","category-projekte"],"rttpg_featured_image_url":{"full":["https:\/\/www.esla.eu\/wp-content\/uploads\/2024\/07\/2011052-scaled-e1720784838104.jpg",1707,2560,false],"landscape":["https:\/\/www.esla.eu\/wp-content\/uploads\/2024\/07\/2011052-scaled-e1720784838104.jpg",1707,2560,false],"portraits":["https:\/\/www.esla.eu\/wp-content\/uploads\/2024\/07\/2011052-scaled-e1720784838104.jpg",1707,2560,false],"thumbnail":["https:\/\/www.esla.eu\/wp-content\/uploads\/2024\/07\/2011052-150x150.jpg",150,150,true],"medium":["https:\/\/www.esla.eu\/wp-content\/uploads\/2024\/07\/2011052-200x300.jpg",200,300,true],"large":["https:\/\/www.esla.eu\/wp-content\/uploads\/2024\/07\/2011052-683x1024.jpg",683,1024,true],"1536x1536":["https:\/\/www.esla.eu\/wp-content\/uploads\/2024\/07\/2011052-1024x1536.jpg",1024,1536,true],"2048x2048":["https:\/\/www.esla.eu\/wp-content\/uploads\/2024\/07\/2011052-1365x2048.jpg",1365,2048,true],"woocommerce_thumbnail":["https:\/\/www.esla.eu\/wp-content\/uploads\/2024\/07\/2011052-200x300.jpg",200,300,true],"woocommerce_single":["https:\/\/www.esla.eu\/wp-content\/uploads\/2024\/07\/2011052-400x600.jpg",400,600,true],"woocommerce_gallery_thumbnail":["https:\/\/www.esla.eu\/wp-content\/uploads\/2024\/07\/2011052-67x100.jpg",67,100,true]},"rttpg_author":{"display_name":"Emma Garc\u00eda","author_link":"https:\/\/www.esla.eu\/de\/author\/emma\/"},"rttpg_comment":0,"rttpg_category":"<a href=\"https:\/\/www.esla.eu\/de\/category\/projekte\/\" rel=\"category tag\">Projekte<\/a>","rttpg_excerpt":"Kundenbedarf: \u201eWir sind im Luftfahrtsektor t\u00e4tig und suchen eine Plattform f\u00fcr die Wartung unserer Fahrzeuge. Wir w\u00fcnschen uns, dass das Produkt einen hohen Schutz bietet, um die Arbeit effizient und sicher zu gestalten.&#8221; ESLA-L\u00f6sung: Diese mobile Aluminiumplattform ist f\u00fcr den Einsatz in der Luftfahrtindustrie konzipiert. Sie umfasst Sicherheitsverbesserungen wie eine automatische, selbstschlie\u00dfende T\u00fcr, Warnschilder auf&hellip;","_links":{"self":[{"href":"https:\/\/www.esla.eu\/de\/wp-json\/wp\/v2\/posts\/13339","targetHints":{"allow":["GET"]}}],"collection":[{"href":"https:\/\/www.esla.eu\/de\/wp-json\/wp\/v2\/posts"}],"about":[{"href":"https:\/\/www.esla.eu\/de\/wp-json\/wp\/v2\/types\/post"}],"author":[{"embeddable":true,"href":"https:\/\/www.esla.eu\/de\/wp-json\/wp\/v2\/users\/4"}],"replies":[{"embeddable":true,"href":"https:\/\/www.esla.eu\/de\/wp-json\/wp\/v2\/comments?post=13339"}],"version-history":[{"count":1,"href":"https:\/\/www.esla.eu\/de\/wp-json\/wp\/v2\/posts\/13339\/revisions"}],"predecessor-version":[{"id":13347,"href":"https:\/\/www.esla.eu\/de\/wp-json\/wp\/v2\/posts\/13339\/revisions\/13347"}],"wp:featuredmedia":[{"embeddable":true,"href":"https:\/\/www.esla.eu\/de\/wp-json\/wp\/v2\/media\/13346"}],"wp:attachment":[{"href":"https:\/\/www.esla.eu\/de\/wp-json\/wp\/v2\/media?parent=13339"}],"wp:term":[{"taxonomy":"category","embeddable":true,"href":"https:\/\/www.esla.eu\/de\/wp-json\/wp\/v2\/categories?post=13339"},{"taxonomy":"post_tag","embeddable":true,"href":"https:\/\/www.esla.eu\/de\/wp-json\/wp\/v2\/tags?post=13339"}],"curies":[{"name":"wp","href":"https:\/\/api.w.org\/{rel}","templated":true}]}}