{"id":13388,"date":"2024-07-08T13:08:18","date_gmt":"2024-07-08T11:08:18","guid":{"rendered":"https:\/\/www.esla.eu\/2010877-mobile-hoehenverstellbare-aluminiumplattform\/"},"modified":"2026-01-27T11:18:08","modified_gmt":"2026-01-27T10:18:08","slug":"2010877-mobile-hoehenverstellbare-aluminiumplattform","status":"publish","type":"post","link":"https:\/\/www.esla.eu\/de\/2010877-mobile-hoehenverstellbare-aluminiumplattform\/","title":{"rendered":"2010877 &#8211; Mobile, h\u00f6henverstellbare Aluminiumplattform"},"content":{"rendered":"\t\t<div data-elementor-type=\"wp-post\" data-elementor-id=\"13388\" class=\"elementor elementor-13388 elementor-10755\" data-elementor-post-type=\"post\">\n\t\t\t\t\t\t<section class=\"elementor-section elementor-top-section elementor-element elementor-element-53a2f38f elementor-section-boxed elementor-section-height-default elementor-section-height-default\" data-id=\"53a2f38f\" data-element_type=\"section\" data-e-type=\"section\">\n\t\t\t\t\t\t<div class=\"elementor-container elementor-column-gap-default\">\n\t\t\t\t\t<div class=\"elementor-column elementor-col-50 elementor-top-column elementor-element elementor-element-44f57074\" data-id=\"44f57074\" data-element_type=\"column\" data-e-type=\"column\">\n\t\t\t<div class=\"elementor-widget-wrap elementor-element-populated\">\n\t\t\t\t\t\t<div class=\"elementor-element elementor-element-774ebcf2 elementor-widget__width-initial elementor-widget elementor-widget-image\" data-id=\"774ebcf2\" data-element_type=\"widget\" data-e-type=\"widget\" data-widget_type=\"image.default\">\n\t\t\t\t<div class=\"elementor-widget-container\">\n\t\t\t\t\t\t\t\t\t\t\t\t\t\t\t\t<a href=\"https:\/\/www.esla.eu\/wp-content\/uploads\/2024\/03\/ADJUSTABLE-PLATFORM-2010877-scaled.jpg\" data-elementor-open-lightbox=\"yes\" data-elementor-lightbox-title=\"ADJUSTABLE PLATFORM 2010877\" data-e-action-hash=\"#elementor-action%3Aaction%3Dlightbox%26settings%3DeyJpZCI6MTMxMjcsInVybCI6Imh0dHBzOlwvXC93d3cuZXNsYS5ldVwvd3AtY29udGVudFwvdXBsb2Fkc1wvMjAyNFwvMDNcL0FESlVTVEFCTEUtUExBVEZPUk0tMjAxMDg3Ny1zY2FsZWQuanBnIn0%3D\">\n\t\t\t\t\t\t\t<img fetchpriority=\"high\" decoding=\"async\" width=\"1920\" height=\"2560\" src=\"https:\/\/www.esla.eu\/wp-content\/uploads\/2024\/03\/ADJUSTABLE-PLATFORM-2010877-scaled.jpg\" class=\"attachment-full size-full wp-image-13127\" alt=\"\" srcset=\"https:\/\/www.esla.eu\/wp-content\/uploads\/2024\/03\/ADJUSTABLE-PLATFORM-2010877-scaled.jpg 1920w, https:\/\/www.esla.eu\/wp-content\/uploads\/2024\/03\/ADJUSTABLE-PLATFORM-2010877-225x300.jpg 225w, https:\/\/www.esla.eu\/wp-content\/uploads\/2024\/03\/ADJUSTABLE-PLATFORM-2010877-768x1024.jpg 768w, https:\/\/www.esla.eu\/wp-content\/uploads\/2024\/03\/ADJUSTABLE-PLATFORM-2010877-1152x1536.jpg 1152w, https:\/\/www.esla.eu\/wp-content\/uploads\/2024\/03\/ADJUSTABLE-PLATFORM-2010877-1536x2048.jpg 1536w, https:\/\/www.esla.eu\/wp-content\/uploads\/2024\/03\/ADJUSTABLE-PLATFORM-2010877-600x800.jpg 600w\" sizes=\"(max-width: 1920px) 100vw, 1920px\" \/>\t\t\t\t\t\t\t\t<\/a>\n\t\t\t\t\t\t\t\t\t\t\t\t\t\t\t<\/div>\n\t\t\t\t<\/div>\n\t\t\t\t\t<\/div>\n\t\t<\/div>\n\t\t\t\t<div class=\"elementor-column elementor-col-50 elementor-top-column elementor-element elementor-element-7f1118a9\" data-id=\"7f1118a9\" data-element_type=\"column\" data-e-type=\"column\">\n\t\t\t<div class=\"elementor-widget-wrap elementor-element-populated\">\n\t\t\t\t\t\t<div class=\"elementor-element elementor-element-5e4bd47d elementor-widget elementor-widget-text-editor\" data-id=\"5e4bd47d\" data-element_type=\"widget\" data-e-type=\"widget\" data-widget_type=\"text-editor.default\">\n\t\t\t\t<div class=\"elementor-widget-container\">\n\t\t\t\t\t\t\t\t\t<p><strong>Kundenbed\u00fcrfnis:<\/strong> \u201eWir sind ein LKW-Hersteller und ben\u00f6tigen eine Plattform f\u00fcr die Wartungswerkstatt. Wir interessieren uns f\u00fcr eine Plattform, die f\u00fcr Arbeiten auf dem Dach des Fahrzeugs konzipiert ist und leicht bewegt werden kann.\u201c<\/p><p><strong>ESLA-L\u00f6sung:<\/strong> Produkt 2010877 ist eine mobile Aluminiumplattform, die f\u00fcr die LKW-Wartung vom Dach aus konzipiert wurde. Sie verf\u00fcgt jedoch \u00fcber eine Verstellung, die den Einsatz in anderen Industriezweigen erm\u00f6glicht. Obwohl die Plattform aus Aluminium gefertigt ist, besteht ihre Basis aus Eisen, wodurch die Normen der EN 14122 eingehalten werden.  <\/p><p><strong>Eigenschaften:<\/strong><\/p><ul><li>Manuelle Verstellung mit Kurbel und Zahnstange.<\/li><li>Ausgestattet mit einem Satz ausziehbarer Sicherheitsgel\u00e4nder, um sie an das Dach anzupassen und so Unf\u00e4lle zu verhindern.<\/li><li>Ausgestattet mit Schutzgummi.<\/li><li>Schwenkr\u00e4der und Nivellierf\u00fc\u00dfe gew\u00e4hrleisten sowohl Bewegung als auch Stabilit\u00e4t.<\/li><\/ul>\t\t\t\t\t\t\t\t<\/div>\n\t\t\t\t<\/div>\n\t\t\t\t\t<\/div>\n\t\t<\/div>\n\t\t\t\t\t<\/div>\n\t\t<\/section>\n\t\t\t\t<\/div>\n\t\t","protected":false},"excerpt":{"rendered":"<p>Kundenbed\u00fcrfnis: \u201eWir sind ein LKW-Hersteller und ben\u00f6tigen eine Plattform f\u00fcr die Wartungswerkstatt. Wir interessieren uns f\u00fcr eine Plattform, die f\u00fcr Arbeiten auf dem Dach des Fahrzeugs konzipiert ist und leicht bewegt werden kann.\u201c ESLA-L\u00f6sung: Produkt 2010877 ist eine mobile Aluminiumplattform, die f\u00fcr die LKW-Wartung vom Dach aus konzipiert wurde. Sie verf\u00fcgt jedoch \u00fcber eine Verstellung, [&hellip;]<\/p>\n","protected":false},"author":3,"featured_media":13389,"comment_status":"closed","ping_status":"closed","sticky":false,"template":"","format":"standard","meta":{"inline_featured_image":false,"footnotes":""},"categories":[429],"tags":[],"class_list":["post-13388","post","type-post","status-publish","format-standard","has-post-thumbnail","hentry","category-projekte"],"rttpg_featured_image_url":{"full":["https:\/\/www.esla.eu\/wp-content\/uploads\/2024\/07\/20240423_104024.jpg",1587,1190,false],"landscape":["https:\/\/www.esla.eu\/wp-content\/uploads\/2024\/07\/20240423_104024.jpg",1587,1190,false],"portraits":["https:\/\/www.esla.eu\/wp-content\/uploads\/2024\/07\/20240423_104024.jpg",1587,1190,false],"thumbnail":["https:\/\/www.esla.eu\/wp-content\/uploads\/2024\/07\/20240423_104024-150x150.jpg",150,150,true],"medium":["https:\/\/www.esla.eu\/wp-content\/uploads\/2024\/07\/20240423_104024-300x225.jpg",300,225,true],"large":["https:\/\/www.esla.eu\/wp-content\/uploads\/2024\/07\/20240423_104024-1024x768.jpg",812,609,true],"1536x1536":["https:\/\/www.esla.eu\/wp-content\/uploads\/2024\/07\/20240423_104024-1536x1152.jpg",1536,1152,true],"2048x2048":["https:\/\/www.esla.eu\/wp-content\/uploads\/2024\/07\/20240423_104024.jpg",1587,1190,false],"woocommerce_thumbnail":["https:\/\/www.esla.eu\/wp-content\/uploads\/2024\/07\/20240423_104024-300x225.jpg",300,225,true],"woocommerce_single":["https:\/\/www.esla.eu\/wp-content\/uploads\/2024\/07\/20240423_104024-600x450.jpg",600,450,true],"woocommerce_gallery_thumbnail":["https:\/\/www.esla.eu\/wp-content\/uploads\/2024\/07\/20240423_104024-100x75.jpg",100,75,true]},"rttpg_author":{"display_name":"Marcel Campabadal","author_link":"https:\/\/www.esla.eu\/de\/author\/marcel\/"},"rttpg_comment":0,"rttpg_category":"<a href=\"https:\/\/www.esla.eu\/de\/category\/projekte\/\" rel=\"category tag\">Projekte<\/a>","rttpg_excerpt":"Kundenbed\u00fcrfnis: \u201eWir sind ein LKW-Hersteller und ben\u00f6tigen eine Plattform f\u00fcr die Wartungswerkstatt. Wir interessieren uns f\u00fcr eine Plattform, die f\u00fcr Arbeiten auf dem Dach des Fahrzeugs konzipiert ist und leicht bewegt werden kann.\u201c ESLA-L\u00f6sung: Produkt 2010877 ist eine mobile Aluminiumplattform, die f\u00fcr die LKW-Wartung vom Dach aus konzipiert wurde. Sie verf\u00fcgt jedoch \u00fcber eine Verstellung,&hellip;","_links":{"self":[{"href":"https:\/\/www.esla.eu\/de\/wp-json\/wp\/v2\/posts\/13388","targetHints":{"allow":["GET"]}}],"collection":[{"href":"https:\/\/www.esla.eu\/de\/wp-json\/wp\/v2\/posts"}],"about":[{"href":"https:\/\/www.esla.eu\/de\/wp-json\/wp\/v2\/types\/post"}],"author":[{"embeddable":true,"href":"https:\/\/www.esla.eu\/de\/wp-json\/wp\/v2\/users\/3"}],"replies":[{"embeddable":true,"href":"https:\/\/www.esla.eu\/de\/wp-json\/wp\/v2\/comments?post=13388"}],"version-history":[{"count":1,"href":"https:\/\/www.esla.eu\/de\/wp-json\/wp\/v2\/posts\/13388\/revisions"}],"predecessor-version":[{"id":13390,"href":"https:\/\/www.esla.eu\/de\/wp-json\/wp\/v2\/posts\/13388\/revisions\/13390"}],"wp:featuredmedia":[{"embeddable":true,"href":"https:\/\/www.esla.eu\/de\/wp-json\/wp\/v2\/media\/13389"}],"wp:attachment":[{"href":"https:\/\/www.esla.eu\/de\/wp-json\/wp\/v2\/media?parent=13388"}],"wp:term":[{"taxonomy":"category","embeddable":true,"href":"https:\/\/www.esla.eu\/de\/wp-json\/wp\/v2\/categories?post=13388"},{"taxonomy":"post_tag","embeddable":true,"href":"https:\/\/www.esla.eu\/de\/wp-json\/wp\/v2\/tags?post=13388"}],"curies":[{"name":"wp","href":"https:\/\/api.w.org\/{rel}","templated":true}]}}