{"id":10794,"date":"2024-07-12T13:43:34","date_gmt":"2024-07-12T11:43:34","guid":{"rendered":"https:\/\/www.esla.eu\/?p=10794"},"modified":"2024-07-12T13:48:11","modified_gmt":"2024-07-12T11:48:11","slug":"2011052-plataforma-para-mantenimiento-aeronautico","status":"publish","type":"post","link":"https:\/\/www.esla.eu\/es\/2011052-plataforma-para-mantenimiento-aeronautico\/","title":{"rendered":"2011052 &#8211; Plataforma para el mantenimiento aeron\u00e1utico"},"content":{"rendered":"\t\t<div data-elementor-type=\"wp-post\" data-elementor-id=\"10794\" class=\"elementor elementor-10794\" data-elementor-post-type=\"post\">\n\t\t\t\t\t\t<section class=\"elementor-section elementor-top-section elementor-element elementor-element-53a2f38f elementor-section-boxed elementor-section-height-default elementor-section-height-default\" data-id=\"53a2f38f\" data-element_type=\"section\" data-e-type=\"section\">\n\t\t\t\t\t\t<div class=\"elementor-container elementor-column-gap-default\">\n\t\t\t\t\t<div class=\"elementor-column elementor-col-50 elementor-top-column elementor-element elementor-element-44f57074\" data-id=\"44f57074\" data-element_type=\"column\" data-e-type=\"column\">\n\t\t\t<div class=\"elementor-widget-wrap elementor-element-populated\">\n\t\t\t\t\t\t<div class=\"elementor-element elementor-element-774ebcf2 elementor-widget__width-initial elementor-widget elementor-widget-image\" data-id=\"774ebcf2\" data-element_type=\"widget\" data-e-type=\"widget\" data-widget_type=\"image.default\">\n\t\t\t\t<div class=\"elementor-widget-container\">\n\t\t\t\t\t\t\t\t\t\t\t\t\t\t\t\t<a href=\"https:\/\/www.esla.eu\/wp-content\/uploads\/2024\/07\/2011052-scaled.jpg\" data-elementor-open-lightbox=\"yes\" data-elementor-lightbox-title=\"2011052\" data-e-action-hash=\"#elementor-action%3Aaction%3Dlightbox%26settings%3DeyJpZCI6MTA3OTgsInVybCI6Imh0dHBzOlwvXC93d3cuZXNsYS5ldVwvd3AtY29udGVudFwvdXBsb2Fkc1wvMjAyNFwvMDdcLzIwMTEwNTItc2NhbGVkLWUxNzIwNzg0ODM4MTA0LmpwZyJ9\">\n\t\t\t\t\t\t\t<img fetchpriority=\"high\" decoding=\"async\" width=\"1706\" height=\"1864\" src=\"https:\/\/www.esla.eu\/wp-content\/uploads\/2024\/07\/2011052-scaled-e1720784838104.jpg\" class=\"attachment-full size-full wp-image-10798\" alt=\"\" srcset=\"https:\/\/www.esla.eu\/wp-content\/uploads\/2024\/07\/2011052-scaled-e1720784838104.jpg 1706w, https:\/\/www.esla.eu\/wp-content\/uploads\/2024\/07\/2011052-scaled-e1720784838104-275x300.jpg 275w, https:\/\/www.esla.eu\/wp-content\/uploads\/2024\/07\/2011052-scaled-e1720784838104-937x1024.jpg 937w, https:\/\/www.esla.eu\/wp-content\/uploads\/2024\/07\/2011052-scaled-e1720784838104-768x839.jpg 768w, https:\/\/www.esla.eu\/wp-content\/uploads\/2024\/07\/2011052-scaled-e1720784838104-1406x1536.jpg 1406w, https:\/\/www.esla.eu\/wp-content\/uploads\/2024\/07\/2011052-scaled-e1720784838104-549x600.jpg 549w, https:\/\/www.esla.eu\/wp-content\/uploads\/2024\/07\/2011052-scaled-e1720784838104-92x100.jpg 92w\" sizes=\"(max-width: 1706px) 100vw, 1706px\" \/>\t\t\t\t\t\t\t\t<\/a>\n\t\t\t\t\t\t\t\t\t\t\t\t\t\t\t<\/div>\n\t\t\t\t<\/div>\n\t\t\t\t\t<\/div>\n\t\t<\/div>\n\t\t\t\t<div class=\"elementor-column elementor-col-50 elementor-top-column elementor-element elementor-element-7f1118a9\" data-id=\"7f1118a9\" data-element_type=\"column\" data-e-type=\"column\">\n\t\t\t<div class=\"elementor-widget-wrap elementor-element-populated\">\n\t\t\t\t\t\t<div class=\"elementor-element elementor-element-5e4bd47d elementor-widget elementor-widget-text-editor\" data-id=\"5e4bd47d\" data-element_type=\"widget\" data-e-type=\"widget\" data-widget_type=\"text-editor.default\">\n\t\t\t\t<div class=\"elementor-widget-container\">\n\t\t\t\t\t\t\t\t\t<p><strong>Necesidad\u00a0del\u00a0cliente:<\/strong> \u201cTrabajamos en el sector aeron\u00e1utico y estamos buscando una plataforma para el mantenimiento de nuestros veh\u00edculos. Nos gustar\u00eda que el producto tenga mucha protecci\u00f3n para que el trabajo sea eficiente y seguro.\u201d<\/p><p><strong>Soluci\u00f3n\u00a0de ESLA:<\/strong> Esta plataforma m\u00f3vil de aluminio est\u00e1 dise\u00f1ada para usarse en el sector aeron\u00e1utico. Tiene incluidas mejoras de seguridad como una puerta autom\u00e1tica que se cierra sola, se\u00f1ales de advertencia en algunos pelda\u00f1os, ruedas especiales y barras para fijar la escala.<\/p><p><strong>Caracter\u00edsticas:<\/strong><\/p><ul><li>La escalera tiene una inclinaci\u00f3n de 35\u00b0.<\/li><li>La altura de la plataforma es de 2,7 metros.<\/li><li>El producto se puede pintar a petici\u00f3n y gusto del cliente.<\/li><li>Seguridad garantizada con puerta autom\u00e1tica, se\u00f1ales de advertencia en el primero y \u00faltimo pelda\u00f1o, ruedas con protectores y barras que permiten fijar la escala.<\/li><\/ul>\t\t\t\t\t\t\t\t<\/div>\n\t\t\t\t<\/div>\n\t\t\t\t\t<\/div>\n\t\t<\/div>\n\t\t\t\t\t<\/div>\n\t\t<\/section>\n\t\t\t\t<\/div>\n\t\t","protected":false},"excerpt":{"rendered":"<p>Necesidad\u00a0del\u00a0cliente: \u201cTrabajamos en el sector aeron\u00e1utico y estamos buscando una plataforma para el mantenimiento de nuestros veh\u00edculos. Nos gustar\u00eda que el producto tenga mucha protecci\u00f3n para que el trabajo sea eficiente y seguro.\u201d Soluci\u00f3n\u00a0de ESLA: Esta plataforma m\u00f3vil de aluminio est\u00e1 dise\u00f1ada para usarse en el sector aeron\u00e1utico. Tiene incluidas mejoras de seguridad como una [&hellip;]<\/p>\n","protected":false},"author":4,"featured_media":10798,"comment_status":"closed","ping_status":"closed","sticky":false,"template":"","format":"standard","meta":{"inline_featured_image":false,"footnotes":""},"categories":[60],"tags":[],"class_list":["post-10794","post","type-post","status-publish","format-standard","has-post-thumbnail","hentry","category-proyectos"],"rttpg_featured_image_url":{"full":["https:\/\/www.esla.eu\/wp-content\/uploads\/2024\/07\/2011052-scaled-e1720784838104.jpg",1706,1864,false],"landscape":["https:\/\/www.esla.eu\/wp-content\/uploads\/2024\/07\/2011052-scaled-e1720784838104.jpg",1706,1864,false],"portraits":["https:\/\/www.esla.eu\/wp-content\/uploads\/2024\/07\/2011052-scaled-e1720784838104.jpg",1706,1864,false],"thumbnail":["https:\/\/www.esla.eu\/wp-content\/uploads\/2024\/07\/2011052-scaled-e1720784838104-150x150.jpg",150,150,true],"medium":["https:\/\/www.esla.eu\/wp-content\/uploads\/2024\/07\/2011052-scaled-e1720784838104-275x300.jpg",275,300,true],"large":["https:\/\/www.esla.eu\/wp-content\/uploads\/2024\/07\/2011052-scaled-e1720784838104-937x1024.jpg",812,887,true],"1536x1536":["https:\/\/www.esla.eu\/wp-content\/uploads\/2024\/07\/2011052-scaled-e1720784838104-1406x1536.jpg",1406,1536,true],"2048x2048":["https:\/\/www.esla.eu\/wp-content\/uploads\/2024\/07\/2011052-1365x2048.jpg",1365,2048,true],"woocommerce_thumbnail":["https:\/\/www.esla.eu\/wp-content\/uploads\/2024\/07\/2011052-scaled-e1720784838104-275x300.jpg",275,300,true],"woocommerce_single":["https:\/\/www.esla.eu\/wp-content\/uploads\/2024\/07\/2011052-scaled-e1720784838104-549x600.jpg",549,600,true],"woocommerce_gallery_thumbnail":["https:\/\/www.esla.eu\/wp-content\/uploads\/2024\/07\/2011052-scaled-e1720784838104-92x100.jpg",92,100,true]},"rttpg_author":{"display_name":"Emma Garc\u00eda","author_link":"https:\/\/www.esla.eu\/es\/author\/emma\/"},"rttpg_comment":0,"rttpg_category":"<a href=\"https:\/\/www.esla.eu\/es\/category\/proyectos\/\" rel=\"category tag\">Proyectos<\/a>","rttpg_excerpt":"Necesidad\u00a0del\u00a0cliente: \u201cTrabajamos en el sector aeron\u00e1utico y estamos buscando una plataforma para el mantenimiento de nuestros veh\u00edculos. Nos gustar\u00eda que el producto tenga mucha protecci\u00f3n para que el trabajo sea eficiente y seguro.\u201d Soluci\u00f3n\u00a0de ESLA: Esta plataforma m\u00f3vil de aluminio est\u00e1 dise\u00f1ada para usarse en el sector aeron\u00e1utico. Tiene incluidas mejoras de seguridad como una&hellip;","_links":{"self":[{"href":"https:\/\/www.esla.eu\/es\/wp-json\/wp\/v2\/posts\/10794","targetHints":{"allow":["GET"]}}],"collection":[{"href":"https:\/\/www.esla.eu\/es\/wp-json\/wp\/v2\/posts"}],"about":[{"href":"https:\/\/www.esla.eu\/es\/wp-json\/wp\/v2\/types\/post"}],"author":[{"embeddable":true,"href":"https:\/\/www.esla.eu\/es\/wp-json\/wp\/v2\/users\/4"}],"replies":[{"embeddable":true,"href":"https:\/\/www.esla.eu\/es\/wp-json\/wp\/v2\/comments?post=10794"}],"version-history":[{"count":19,"href":"https:\/\/www.esla.eu\/es\/wp-json\/wp\/v2\/posts\/10794\/revisions"}],"predecessor-version":[{"id":10821,"href":"https:\/\/www.esla.eu\/es\/wp-json\/wp\/v2\/posts\/10794\/revisions\/10821"}],"wp:featuredmedia":[{"embeddable":true,"href":"https:\/\/www.esla.eu\/es\/wp-json\/wp\/v2\/media\/10798"}],"wp:attachment":[{"href":"https:\/\/www.esla.eu\/es\/wp-json\/wp\/v2\/media?parent=10794"}],"wp:term":[{"taxonomy":"category","embeddable":true,"href":"https:\/\/www.esla.eu\/es\/wp-json\/wp\/v2\/categories?post=10794"},{"taxonomy":"post_tag","embeddable":true,"href":"https:\/\/www.esla.eu\/es\/wp-json\/wp\/v2\/tags?post=10794"}],"curies":[{"name":"wp","href":"https:\/\/api.w.org\/{rel}","templated":true}]}}