{"id":11453,"date":"2024-08-27T12:18:04","date_gmt":"2024-08-27T10:18:04","guid":{"rendered":"https:\/\/www.esla.eu\/?p=11453"},"modified":"2024-08-27T12:29:14","modified_gmt":"2024-08-27T10:29:14","slug":"2001559-plataforma-de-acceso-al-techo-de-los-autobuses","status":"publish","type":"post","link":"https:\/\/www.esla.eu\/es\/2001559-plataforma-de-acceso-al-techo-de-los-autobuses\/","title":{"rendered":"2001559 &#8211; Plataforma de acceso al techo de los autobuses"},"content":{"rendered":"\t\t<div data-elementor-type=\"wp-post\" data-elementor-id=\"11453\" class=\"elementor elementor-11453\" data-elementor-post-type=\"post\">\n\t\t\t\t\t\t<section class=\"elementor-section elementor-top-section elementor-element elementor-element-53a2f38f elementor-section-boxed elementor-section-height-default elementor-section-height-default\" data-id=\"53a2f38f\" data-element_type=\"section\" data-e-type=\"section\">\n\t\t\t\t\t\t<div class=\"elementor-container elementor-column-gap-default\">\n\t\t\t\t\t<div class=\"elementor-column elementor-col-50 elementor-top-column elementor-element elementor-element-44f57074\" data-id=\"44f57074\" data-element_type=\"column\" data-e-type=\"column\">\n\t\t\t<div class=\"elementor-widget-wrap elementor-element-populated\">\n\t\t\t\t\t\t<div class=\"elementor-element elementor-element-774ebcf2 elementor-widget__width-initial elementor-widget elementor-widget-image\" data-id=\"774ebcf2\" data-element_type=\"widget\" data-e-type=\"widget\" data-widget_type=\"image.default\">\n\t\t\t\t<div class=\"elementor-widget-container\">\n\t\t\t\t\t\t\t\t\t\t\t\t\t\t\t\t<a href=\"https:\/\/www.esla.eu\/wp-content\/uploads\/2024\/08\/2001559-neutre-scaled-e1724754503119.jpg\" data-elementor-open-lightbox=\"yes\" data-elementor-lightbox-title=\"2001559 neutre\" data-e-action-hash=\"#elementor-action%3Aaction%3Dlightbox%26settings%3DeyJpZCI6MTE0NTQsInVybCI6Imh0dHBzOlwvXC93d3cuZXNsYS5ldVwvd3AtY29udGVudFwvdXBsb2Fkc1wvMjAyNFwvMDhcLzIwMDE1NTktbmV1dHJlLXNjYWxlZC1lMTcyNDc1NDUwMzExOS5qcGcifQ%3D%3D\">\n\t\t\t\t\t\t\t<img fetchpriority=\"high\" decoding=\"async\" width=\"757\" height=\"925\" src=\"https:\/\/www.esla.eu\/wp-content\/uploads\/2024\/08\/2001559-neutre-scaled-e1724754503119.jpg\" class=\"attachment-full size-full wp-image-11454\" alt=\"\" srcset=\"https:\/\/www.esla.eu\/wp-content\/uploads\/2024\/08\/2001559-neutre-scaled-e1724754503119.jpg 757w, https:\/\/www.esla.eu\/wp-content\/uploads\/2024\/08\/2001559-neutre-scaled-e1724754503119-246x300.jpg 246w, https:\/\/www.esla.eu\/wp-content\/uploads\/2024\/08\/2001559-neutre-scaled-e1724754503119-491x600.jpg 491w, https:\/\/www.esla.eu\/wp-content\/uploads\/2024\/08\/2001559-neutre-scaled-e1724754503119-82x100.jpg 82w\" sizes=\"(max-width: 757px) 100vw, 757px\" \/>\t\t\t\t\t\t\t\t<\/a>\n\t\t\t\t\t\t\t\t\t\t\t\t\t\t\t<\/div>\n\t\t\t\t<\/div>\n\t\t\t\t\t<\/div>\n\t\t<\/div>\n\t\t\t\t<div class=\"elementor-column elementor-col-50 elementor-top-column elementor-element elementor-element-7f1118a9\" data-id=\"7f1118a9\" data-element_type=\"column\" data-e-type=\"column\">\n\t\t\t<div class=\"elementor-widget-wrap elementor-element-populated\">\n\t\t\t\t\t\t<div class=\"elementor-element elementor-element-5e4bd47d elementor-widget elementor-widget-text-editor\" data-id=\"5e4bd47d\" data-element_type=\"widget\" data-e-type=\"widget\" data-widget_type=\"text-editor.default\">\n\t\t\t\t<div class=\"elementor-widget-container\">\n\t\t\t\t\t\t\t\t\t<p><strong>Necesidad\u00a0del\u00a0cliente:<\/strong> \u201cSomos una empresa del sector de transporte de autobuses y necesitamos una plataforma m\u00f3vil para llevar a cabo el mantenimiento de los veh\u00edculos. Nos interesa que sea regulable en altura y poder acceder al techo del autob\u00fas con toda seguridad.\u201d<\/p><p><strong>Soluci\u00f3n de ESLA:\u00a0<\/strong>El proyecto 2001559 consiste en una plataforma de aluminio m\u00f3vil que permite acceder al techo de los autobuses hasta 3 personas m\u00e1s el material. Tiene una regulaci\u00f3n de altura y pies niveladores que aseguran estabilidad en posici\u00f3n de trabajo.<\/p><p>Cuenta con un conjunto de barandilla superior plegable al techo que garantiza seguridad, as\u00ed como protecci\u00f3n de goma en toda la longitud en contacto con el autob\u00fas. Cumple con la normativa EN 131-7.<\/p><p><strong>Caracter\u00edsticas:<\/strong><\/p><ul><li><p>Plataforma de 5000 mm con chapa lagrimada.<\/p><\/li><li><p>La regulaci\u00f3n en altura es de 2700 a 3700 mm y se hace a trav\u00e9s de una cremallera manual.<\/p><\/li><li><p>Bastimento inferior en acero pintado que ofrece rigidez.<\/p><\/li><li><p>Tiene 4 ruedas de 200 mm con freno que permiten el desplazamiento de la plataforma a la vez que estabilidad.<\/p><\/li><li><p>La escala de acceso a la plataforma es en paralelogramo y as\u00ed var\u00eda su \u00e1ngulo de inclinaci\u00f3n en relaci\u00f3n a la regulaci\u00f3n.<\/p><\/li><li><p>La altura de las barandillas es de 1100 mm m\u00e1s los rodapi\u00e9s.<\/p><\/li><\/ul>\t\t\t\t\t\t\t\t<\/div>\n\t\t\t\t<\/div>\n\t\t\t\t\t<\/div>\n\t\t<\/div>\n\t\t\t\t\t<\/div>\n\t\t<\/section>\n\t\t\t\t<section class=\"elementor-section elementor-top-section elementor-element elementor-element-7d045a0a elementor-section-boxed elementor-section-height-default elementor-section-height-default\" data-id=\"7d045a0a\" data-element_type=\"section\" data-e-type=\"section\">\n\t\t\t\t\t\t<div class=\"elementor-container elementor-column-gap-default\">\n\t\t\t\t\t<div class=\"elementor-column elementor-col-100 elementor-top-column elementor-element elementor-element-4e85d80d\" data-id=\"4e85d80d\" data-element_type=\"column\" data-e-type=\"column\">\n\t\t\t<div class=\"elementor-widget-wrap elementor-element-populated\">\n\t\t\t\t\t\t<div class=\"elementor-element elementor-element-2e4932a7 elementor-widget__width-initial elementor-arrows-position-inside elementor-widget elementor-widget-image-carousel\" data-id=\"2e4932a7\" data-element_type=\"widget\" data-e-type=\"widget\" data-settings=\"{&quot;slides_to_show&quot;:&quot;2&quot;,&quot;navigation&quot;:&quot;arrows&quot;,&quot;autoplay&quot;:&quot;yes&quot;,&quot;pause_on_hover&quot;:&quot;yes&quot;,&quot;pause_on_interaction&quot;:&quot;yes&quot;,&quot;autoplay_speed&quot;:5000,&quot;infinite&quot;:&quot;yes&quot;,&quot;speed&quot;:500}\" data-widget_type=\"image-carousel.default\">\n\t\t\t\t<div class=\"elementor-widget-container\">\n\t\t\t\t\t\t\t<div class=\"elementor-image-carousel-wrapper swiper\" role=\"region\" aria-roledescription=\"carousel\" aria-label=\"Carrusel de im\u00e1genes\" dir=\"ltr\">\n\t\t\t<div class=\"elementor-image-carousel swiper-wrapper swiper-image-stretch\" aria-live=\"off\">\n\t\t\t\t\t\t\t\t<div class=\"swiper-slide\" role=\"group\" aria-roledescription=\"slide\" aria-label=\"1 de 2\"><a data-elementor-open-lightbox=\"yes\" data-elementor-lightbox-slideshow=\"2e4932a7\" data-elementor-lightbox-title=\"2001559 7\" data-e-action-hash=\"#elementor-action%3Aaction%3Dlightbox%26settings%3DeyJpZCI6MTE0NTksInVybCI6Imh0dHBzOlwvXC93d3cuZXNsYS5ldVwvd3AtY29udGVudFwvdXBsb2Fkc1wvMjAyNFwvMDhcLzIwMDE1NTktNy5wbmciLCJzbGlkZXNob3ciOiIyZTQ5MzJhNyJ9\" href=\"https:\/\/www.esla.eu\/wp-content\/uploads\/2024\/08\/2001559-7.png\"><figure class=\"swiper-slide-inner\"><img decoding=\"async\" class=\"swiper-slide-image\" src=\"https:\/\/www.esla.eu\/wp-content\/uploads\/2024\/08\/2001559-7.png\" alt=\"2001559 7\" \/><\/figure><\/a><\/div><div class=\"swiper-slide\" role=\"group\" aria-roledescription=\"slide\" aria-label=\"2 de 2\"><a data-elementor-open-lightbox=\"yes\" data-elementor-lightbox-slideshow=\"2e4932a7\" data-elementor-lightbox-title=\"20220216_095008\" data-e-action-hash=\"#elementor-action%3Aaction%3Dlightbox%26settings%3DeyJpZCI6MTE0NjksInVybCI6Imh0dHBzOlwvXC93d3cuZXNsYS5ldVwvd3AtY29udGVudFwvdXBsb2Fkc1wvMjAyNFwvMDhcLzIwMjIwMjE2XzA5NTAwOC5qcGciLCJzbGlkZXNob3ciOiIyZTQ5MzJhNyJ9\" href=\"https:\/\/www.esla.eu\/wp-content\/uploads\/2024\/08\/20220216_095008.jpg\"><figure class=\"swiper-slide-inner\"><img decoding=\"async\" class=\"swiper-slide-image\" src=\"https:\/\/www.esla.eu\/wp-content\/uploads\/2024\/08\/20220216_095008.jpg\" alt=\"20220216_095008\" \/><\/figure><\/a><\/div>\t\t\t<\/div>\n\t\t\t\t\t\t\t\t\t\t\t\t<div class=\"elementor-swiper-button elementor-swiper-button-prev\" role=\"button\" tabindex=\"0\">\n\t\t\t\t\t\t<svg aria-hidden=\"true\" class=\"e-font-icon-svg e-eicon-chevron-left\" viewBox=\"0 0 1000 1000\" xmlns=\"http:\/\/www.w3.org\/2000\/svg\"><path d=\"M646 125C629 125 613 133 604 142L308 442C296 454 292 471 292 487 292 504 296 521 308 533L604 854C617 867 629 875 646 875 663 875 679 871 692 858 704 846 713 829 713 812 713 796 708 779 692 767L438 487 692 225C700 217 708 204 708 187 708 171 704 154 692 142 675 129 663 125 646 125Z\"><\/path><\/svg>\t\t\t\t\t<\/div>\n\t\t\t\t\t<div class=\"elementor-swiper-button elementor-swiper-button-next\" role=\"button\" tabindex=\"0\">\n\t\t\t\t\t\t<svg aria-hidden=\"true\" class=\"e-font-icon-svg e-eicon-chevron-right\" viewBox=\"0 0 1000 1000\" xmlns=\"http:\/\/www.w3.org\/2000\/svg\"><path d=\"M696 533C708 521 713 504 713 487 713 471 708 454 696 446L400 146C388 133 375 125 354 125 338 125 325 129 313 142 300 154 292 171 292 187 292 204 296 221 308 233L563 492 304 771C292 783 288 800 288 817 288 833 296 850 308 863 321 871 338 875 354 875 371 875 388 867 400 854L696 533Z\"><\/path><\/svg>\t\t\t\t\t<\/div>\n\t\t\t\t\n\t\t\t\t\t\t\t\t\t<\/div>\n\t\t\t\t\t\t<\/div>\n\t\t\t\t<\/div>\n\t\t\t\t\t<\/div>\n\t\t<\/div>\n\t\t\t\t\t<\/div>\n\t\t<\/section>\n\t\t\t\t<\/div>\n\t\t","protected":false},"excerpt":{"rendered":"<p>Necesidad\u00a0del\u00a0cliente: \u201cSomos una empresa del sector de transporte de autobuses y necesitamos una plataforma m\u00f3vil para llevar a cabo el mantenimiento de los veh\u00edculos. Nos interesa que sea regulable en altura y poder acceder al techo del autob\u00fas con toda seguridad.\u201d Soluci\u00f3n de ESLA:\u00a0El proyecto 2001559 consiste en una plataforma de aluminio m\u00f3vil que permite [&hellip;]<\/p>\n","protected":false},"author":4,"featured_media":11464,"comment_status":"closed","ping_status":"closed","sticky":false,"template":"","format":"standard","meta":{"inline_featured_image":false,"footnotes":""},"categories":[60],"tags":[],"class_list":["post-11453","post","type-post","status-publish","format-standard","has-post-thumbnail","hentry","category-proyectos"],"rttpg_featured_image_url":{"full":["https:\/\/www.esla.eu\/wp-content\/uploads\/2024\/08\/2001559-neutre-1-scaled-e1724754542893.jpg",2440,1920,false],"landscape":["https:\/\/www.esla.eu\/wp-content\/uploads\/2024\/08\/2001559-neutre-1-scaled-e1724754542893.jpg",2440,1920,false],"portraits":["https:\/\/www.esla.eu\/wp-content\/uploads\/2024\/08\/2001559-neutre-1-scaled-e1724754542893.jpg",2440,1920,false],"thumbnail":["https:\/\/www.esla.eu\/wp-content\/uploads\/2024\/08\/2001559-neutre-1-scaled-e1724754542893-150x150.jpg",150,150,true],"medium":["https:\/\/www.esla.eu\/wp-content\/uploads\/2024\/08\/2001559-neutre-1-scaled-e1724754542893-300x236.jpg",300,236,true],"large":["https:\/\/www.esla.eu\/wp-content\/uploads\/2024\/08\/2001559-neutre-1-scaled-e1724754542893-1024x806.jpg",812,639,true],"1536x1536":["https:\/\/www.esla.eu\/wp-content\/uploads\/2024\/08\/2001559-neutre-1-scaled-e1724754542893-1536x1209.jpg",1536,1209,true],"2048x2048":["https:\/\/www.esla.eu\/wp-content\/uploads\/2024\/08\/2001559-neutre-1-scaled-e1724754542893-2048x1612.jpg",2048,1612,true],"woocommerce_thumbnail":["https:\/\/www.esla.eu\/wp-content\/uploads\/2024\/08\/2001559-neutre-1-scaled-e1724754542893-300x236.jpg",300,236,true],"woocommerce_single":["https:\/\/www.esla.eu\/wp-content\/uploads\/2024\/08\/2001559-neutre-1-scaled-e1724754542893-600x472.jpg",600,472,true],"woocommerce_gallery_thumbnail":["https:\/\/www.esla.eu\/wp-content\/uploads\/2024\/08\/2001559-neutre-1-scaled-e1724754542893-100x79.jpg",100,79,true]},"rttpg_author":{"display_name":"Emma Garc\u00eda","author_link":"https:\/\/www.esla.eu\/es\/author\/emma\/"},"rttpg_comment":0,"rttpg_category":"<a href=\"https:\/\/www.esla.eu\/es\/category\/proyectos\/\" rel=\"category tag\">Proyectos<\/a>","rttpg_excerpt":"Necesidad\u00a0del\u00a0cliente: \u201cSomos una empresa del sector de transporte de autobuses y necesitamos una plataforma m\u00f3vil para llevar a cabo el mantenimiento de los veh\u00edculos. Nos interesa que sea regulable en altura y poder acceder al techo del autob\u00fas con toda seguridad.\u201d Soluci\u00f3n de ESLA:\u00a0El proyecto 2001559 consiste en una plataforma de aluminio m\u00f3vil que permite&hellip;","_links":{"self":[{"href":"https:\/\/www.esla.eu\/es\/wp-json\/wp\/v2\/posts\/11453","targetHints":{"allow":["GET"]}}],"collection":[{"href":"https:\/\/www.esla.eu\/es\/wp-json\/wp\/v2\/posts"}],"about":[{"href":"https:\/\/www.esla.eu\/es\/wp-json\/wp\/v2\/types\/post"}],"author":[{"embeddable":true,"href":"https:\/\/www.esla.eu\/es\/wp-json\/wp\/v2\/users\/4"}],"replies":[{"embeddable":true,"href":"https:\/\/www.esla.eu\/es\/wp-json\/wp\/v2\/comments?post=11453"}],"version-history":[{"count":15,"href":"https:\/\/www.esla.eu\/es\/wp-json\/wp\/v2\/posts\/11453\/revisions"}],"predecessor-version":[{"id":11489,"href":"https:\/\/www.esla.eu\/es\/wp-json\/wp\/v2\/posts\/11453\/revisions\/11489"}],"wp:featuredmedia":[{"embeddable":true,"href":"https:\/\/www.esla.eu\/es\/wp-json\/wp\/v2\/media\/11464"}],"wp:attachment":[{"href":"https:\/\/www.esla.eu\/es\/wp-json\/wp\/v2\/media?parent=11453"}],"wp:term":[{"taxonomy":"category","embeddable":true,"href":"https:\/\/www.esla.eu\/es\/wp-json\/wp\/v2\/categories?post=11453"},{"taxonomy":"post_tag","embeddable":true,"href":"https:\/\/www.esla.eu\/es\/wp-json\/wp\/v2\/tags?post=11453"}],"curies":[{"name":"wp","href":"https:\/\/api.w.org\/{rel}","templated":true}]}}