{"id":10826,"date":"2024-07-12T13:43:34","date_gmt":"2024-07-12T11:43:34","guid":{"rendered":"https:\/\/www.esla.eu\/2011052-plateforme-de-maintenance-aeronautique\/"},"modified":"2024-07-12T14:37:39","modified_gmt":"2024-07-12T12:37:39","slug":"2011052-plateforme-de-maintenance-aeronautique","status":"publish","type":"post","link":"https:\/\/www.esla.eu\/fr\/2011052-plateforme-de-maintenance-aeronautique\/","title":{"rendered":"2011052 &#8211; Plateforme de maintenance a\u00e9ronautique"},"content":{"rendered":"\t\t<div data-elementor-type=\"wp-post\" data-elementor-id=\"10826\" class=\"elementor elementor-10826 elementor-10794\" data-elementor-post-type=\"post\">\n\t\t\t\t\t\t<section class=\"elementor-section elementor-top-section elementor-element elementor-element-53a2f38f elementor-section-boxed elementor-section-height-default elementor-section-height-default\" data-id=\"53a2f38f\" data-element_type=\"section\" data-e-type=\"section\">\n\t\t\t\t\t\t<div class=\"elementor-container elementor-column-gap-default\">\n\t\t\t\t\t<div class=\"elementor-column elementor-col-50 elementor-top-column elementor-element elementor-element-44f57074\" data-id=\"44f57074\" data-element_type=\"column\" data-e-type=\"column\">\n\t\t\t<div class=\"elementor-widget-wrap elementor-element-populated\">\n\t\t\t\t\t\t<div class=\"elementor-element elementor-element-774ebcf2 elementor-widget__width-initial elementor-widget elementor-widget-image\" data-id=\"774ebcf2\" data-element_type=\"widget\" data-e-type=\"widget\" data-widget_type=\"image.default\">\n\t\t\t\t<div class=\"elementor-widget-container\">\n\t\t\t\t\t\t\t\t\t\t\t\t\t\t\t\t<a href=\"https:\/\/www.esla.eu\/wp-content\/uploads\/2024\/07\/2011052-scaled.jpg\" data-elementor-open-lightbox=\"yes\" data-elementor-lightbox-title=\"2011052\" data-e-action-hash=\"#elementor-action%3Aaction%3Dlightbox%26settings%3DeyJpZCI6MTA4MDEsInVybCI6Imh0dHBzOlwvXC93d3cuZXNsYS5ldVwvd3AtY29udGVudFwvdXBsb2Fkc1wvMjAyNFwvMDdcLzIwMTEwNTItc2NhbGVkLWUxNzIwNzg0ODM4MTA0LmpwZyJ9\">\n\t\t\t\t\t\t\t<img fetchpriority=\"high\" decoding=\"async\" width=\"1707\" height=\"2560\" src=\"https:\/\/www.esla.eu\/wp-content\/uploads\/2024\/07\/2011052-scaled-e1720784838104.jpg\" class=\"attachment-full size-full wp-image-10801\" alt=\"\" \/>\t\t\t\t\t\t\t\t<\/a>\n\t\t\t\t\t\t\t\t\t\t\t\t\t\t\t<\/div>\n\t\t\t\t<\/div>\n\t\t\t\t\t<\/div>\n\t\t<\/div>\n\t\t\t\t<div class=\"elementor-column elementor-col-50 elementor-top-column elementor-element elementor-element-7f1118a9\" data-id=\"7f1118a9\" data-element_type=\"column\" data-e-type=\"column\">\n\t\t\t<div class=\"elementor-widget-wrap elementor-element-populated\">\n\t\t\t\t\t\t<div class=\"elementor-element elementor-element-5e4bd47d elementor-widget elementor-widget-text-editor\" data-id=\"5e4bd47d\" data-element_type=\"widget\" data-e-type=\"widget\" data-widget_type=\"text-editor.default\">\n\t\t\t\t<div class=\"elementor-widget-container\">\n\t\t\t\t\t\t\t\t\t<p><strong>Exigence du client<\/strong>: &#8220;Nous travaillons dans le secteur a\u00e9ronautique et nous recherchons une plate-forme pour l&#8217;entretien de nos v\u00e9hicules. Nous souhaitons que le produit soit dot\u00e9 de nombreuses protections afin de rendre le travail efficace et s\u00fbr&#8221;.<\/p>\n<p><strong>Solution ESLA :<\/strong> Ce chariot en aluminium est con\u00e7u pour \u00eatre utilis\u00e9 dans le secteur a\u00e9ronautique. Il comprend des am\u00e9liorations en mati\u00e8re de s\u00e9curit\u00e9, telles qu&#8217;une porte \u00e0 fermeture automatique, des panneaux d&#8217;avertissement sur certaines marches, des roues sp\u00e9ciales et des barres pour fixer l&#8217;\u00e9chelle.<\/p>\n<p><strong>Caract\u00e9ristiques :<\/strong><\/p>\n<ul>\n<li>L&#8217;escalier a une inclinaison de 35\u00b0.<\/li>\n<li>La hauteur de la plate-forme est de 2,7 m\u00e8tres.<\/li>\n<li>Le produit peut \u00eatre peint selon la demande et le go\u00fbt du client.<\/li>\n<li>S\u00e9curit\u00e9 garantie gr\u00e2ce \u00e0 la porte automatique, aux panneaux d&#8217;avertissement sur la premi\u00e8re et la derni\u00e8re marche, aux roues munies de protections et aux barres de fixation de l&#8217;\u00e9chelle.<\/li>\n<\/ul>\n\t\t\t\t\t\t\t\t<\/div>\n\t\t\t\t<\/div>\n\t\t\t\t\t<\/div>\n\t\t<\/div>\n\t\t\t\t\t<\/div>\n\t\t<\/section>\n\t\t\t\t<\/div>\n\t\t","protected":false},"excerpt":{"rendered":"<p>Exigence du client: &#8220;Nous travaillons dans le secteur a\u00e9ronautique et nous recherchons une plate-forme pour l&#8217;entretien de nos v\u00e9hicules. Nous souhaitons que le produit soit dot\u00e9 de nombreuses protections afin de rendre le travail efficace et s\u00fbr&#8221;. Solution ESLA : Ce chariot en aluminium est con\u00e7u pour \u00eatre utilis\u00e9 dans le secteur a\u00e9ronautique. Il comprend [&hellip;]<\/p>\n","protected":false},"author":4,"featured_media":10801,"comment_status":"closed","ping_status":"closed","sticky":false,"template":"","format":"standard","meta":{"inline_featured_image":false,"footnotes":""},"categories":[242],"tags":[],"class_list":["post-10826","post","type-post","status-publish","format-standard","has-post-thumbnail","hentry","category-projets"],"rttpg_featured_image_url":{"full":["https:\/\/www.esla.eu\/wp-content\/uploads\/2024\/07\/2011052-scaled-e1720784838104.jpg",1707,2560,false],"landscape":["https:\/\/www.esla.eu\/wp-content\/uploads\/2024\/07\/2011052-scaled-e1720784838104.jpg",1707,2560,false],"portraits":["https:\/\/www.esla.eu\/wp-content\/uploads\/2024\/07\/2011052-scaled-e1720784838104.jpg",1707,2560,false],"thumbnail":["https:\/\/www.esla.eu\/wp-content\/uploads\/2024\/07\/2011052-150x150.jpg",150,150,true],"medium":["https:\/\/www.esla.eu\/wp-content\/uploads\/2024\/07\/2011052-200x300.jpg",200,300,true],"large":["https:\/\/www.esla.eu\/wp-content\/uploads\/2024\/07\/2011052-683x1024.jpg",683,1024,true],"1536x1536":["https:\/\/www.esla.eu\/wp-content\/uploads\/2024\/07\/2011052-1024x1536.jpg",1024,1536,true],"2048x2048":["https:\/\/www.esla.eu\/wp-content\/uploads\/2024\/07\/2011052-1365x2048.jpg",1365,2048,true],"woocommerce_thumbnail":["https:\/\/www.esla.eu\/wp-content\/uploads\/2024\/07\/2011052-200x300.jpg",200,300,true],"woocommerce_single":["https:\/\/www.esla.eu\/wp-content\/uploads\/2024\/07\/2011052-400x600.jpg",400,600,true],"woocommerce_gallery_thumbnail":["https:\/\/www.esla.eu\/wp-content\/uploads\/2024\/07\/2011052-67x100.jpg",67,100,true]},"rttpg_author":{"display_name":"Emma Garc\u00eda","author_link":"https:\/\/www.esla.eu\/fr\/author\/emma\/"},"rttpg_comment":0,"rttpg_category":"<a href=\"https:\/\/www.esla.eu\/fr\/category\/projets\/\" rel=\"category tag\">Projets<\/a>","rttpg_excerpt":"Exigence du client: &#8220;Nous travaillons dans le secteur a\u00e9ronautique et nous recherchons une plate-forme pour l&#8217;entretien de nos v\u00e9hicules. Nous souhaitons que le produit soit dot\u00e9 de nombreuses protections afin de rendre le travail efficace et s\u00fbr&#8221;. Solution ESLA : Ce chariot en aluminium est con\u00e7u pour \u00eatre utilis\u00e9 dans le secteur a\u00e9ronautique. Il comprend\u2026","_links":{"self":[{"href":"https:\/\/www.esla.eu\/fr\/wp-json\/wp\/v2\/posts\/10826","targetHints":{"allow":["GET"]}}],"collection":[{"href":"https:\/\/www.esla.eu\/fr\/wp-json\/wp\/v2\/posts"}],"about":[{"href":"https:\/\/www.esla.eu\/fr\/wp-json\/wp\/v2\/types\/post"}],"author":[{"embeddable":true,"href":"https:\/\/www.esla.eu\/fr\/wp-json\/wp\/v2\/users\/4"}],"replies":[{"embeddable":true,"href":"https:\/\/www.esla.eu\/fr\/wp-json\/wp\/v2\/comments?post=10826"}],"version-history":[{"count":4,"href":"https:\/\/www.esla.eu\/fr\/wp-json\/wp\/v2\/posts\/10826\/revisions"}],"predecessor-version":[{"id":10890,"href":"https:\/\/www.esla.eu\/fr\/wp-json\/wp\/v2\/posts\/10826\/revisions\/10890"}],"wp:featuredmedia":[{"embeddable":true,"href":"https:\/\/www.esla.eu\/fr\/wp-json\/wp\/v2\/media\/10801"}],"wp:attachment":[{"href":"https:\/\/www.esla.eu\/fr\/wp-json\/wp\/v2\/media?parent=10826"}],"wp:term":[{"taxonomy":"category","embeddable":true,"href":"https:\/\/www.esla.eu\/fr\/wp-json\/wp\/v2\/categories?post=10826"},{"taxonomy":"post_tag","embeddable":true,"href":"https:\/\/www.esla.eu\/fr\/wp-json\/wp\/v2\/tags?post=10826"}],"curies":[{"name":"wp","href":"https:\/\/api.w.org\/{rel}","templated":true}]}}