{"id":15472,"date":"2026-03-11T09:05:32","date_gmt":"2026-03-11T08:05:32","guid":{"rendered":"https:\/\/www.esla.eu\/?p=15472"},"modified":"2026-03-11T15:43:01","modified_gmt":"2026-03-11T14:43:01","slug":"adaptation-dechelles-verticales-dans-les-batiments-existants","status":"publish","type":"post","link":"https:\/\/www.esla.eu\/fr\/adaptation-dechelles-verticales-dans-les-batiments-existants\/","title":{"rendered":"Adaptation d\u2019\u00e9chelles verticales dans les b\u00e2timents existants"},"content":{"rendered":"\n<p>L\u2019adaptation d\u2019<strong><a href=\"https:\/\/www.esla.eu\/fr\/produits\/\" target=\"_blank\" rel=\"noreferrer noopener\">\u00e9chelles verticales<\/a><\/strong> dans les b\u00e2timents existants est une n\u00e9cessit\u00e9 technique courante dans les environnements industriels, logistiques et de services.<\/p>\n\n\n\n<p>De nombreuses installations ont \u00e9t\u00e9 con\u00e7ues pour des usages diff\u00e9rents de ceux d\u2019aujourd\u2019hui ou sont devenues obsol\u00e8tes face aux nouvelles exigences en mati\u00e8re de s\u00e9curit\u00e9, de maintenance et d\u2019accessibilit\u00e9. Dans ces sc\u00e9narios, disposer d\u2019acc\u00e8s verticaux s\u00fbrs et conformes \u00e0 la r\u00e9glementation est essentiel pour garantir le fonctionnement quotidien et la protection des personnes.<\/p>\n\n\n\n<p>Contrairement aux b\u00e2timents de construction r\u00e9cente, les b\u00e2timents existants imposent des contraintes structurelles, spatiales et op\u00e9rationnelles qui n\u00e9cessitent des solutions techniques pr\u00e9cises, capables de s\u2019int\u00e9grer sans alt\u00e9rer le fonctionnement de l\u2019installation.<\/p>\n\n\n\n<h2 class=\"wp-block-heading\">\u00c9chelles verticales comme solution technique efficace<\/h2>\n\n\n\n<p>Les \u00e9chelles verticales se sont impos\u00e9es comme l\u2019une des solutions les plus efficaces pour r\u00e9soudre les acc\u00e8s en hauteur lorsque l\u2019espace disponible est limit\u00e9 ou lorsqu\u2019il n\u2019est pas possible d\u2019installer des escaliers conventionnels. Leur conception permet de franchir de grandes hauteurs avec une emprise minimale, facilitant l\u2019acc\u00e8s aux toitures, aux plateformes techniques, aux r\u00e9servoirs, aux machines ou aux zones d\u2019inspection.<\/p>\n\n\n\n<p>Dans les b\u00e2timents existants, ces solutions se distinguent par leur capacit\u00e9 d\u2019adaptation \u00e0 diff\u00e9rents supports, qu\u2019il s\u2019agisse de murs en b\u00e9ton, de structures m\u00e9talliques ou de fermetures industrielles. Elles peuvent \u00e9galement int\u00e9grer des \u00e9l\u00e9ments de s\u00e9curit\u00e9 comme des cages de protection, des paliers s\u00e9curis\u00e9s ou des syst\u00e8mes antichute, garantissant une utilisation s\u00fbre m\u00eame dans des environnements exigeants. Ces syst\u00e8mes sont souvent con\u00e7us selon la reglementation echelle crinoline<strong> <\/strong>afin d\u2019assurer la conformit\u00e9 et la s\u00e9curit\u00e9 des acc\u00e8s en hauteur.<\/p>\n\n\n\n<h2 class=\"wp-block-heading\">Int\u00e9gration sans travaux structurels : un avantage cl\u00e9<\/h2>\n\n\n\n<p>L\u2019un des grands avantages de l\u2019installation d\u2019<strong><a href=\"https:\/\/www.esla.eu\/fr\/produits\/\" target=\"_blank\" rel=\"noreferrer noopener\">\u00e9chelles verticales<\/a><\/strong> dans les b\u00e2timents existants est la possibilit\u00e9 d\u2019une int\u00e9gration sans travaux structurels. Dans la majorit\u00e9 des projets, il n\u2019est pas n\u00e9cessaire de modifier la structure porteuse du b\u00e2timent, ce qui r\u00e9duit significativement les co\u00fbts, les d\u00e9lais d\u2019ex\u00e9cution et l\u2019impact sur l\u2019activit\u00e9 quotidienne.<\/p>\n\n\n\n<p>Cette caract\u00e9ristique est particuli\u00e8rement pr\u00e9cieuse dans les installations fonctionnant en continu, o\u00f9 les arr\u00eats non planifi\u00e9s repr\u00e9sentent un co\u00fbt \u00e9lev\u00e9. Gr\u00e2ce \u00e0 des syst\u00e8mes d\u2019ancrage calcul\u00e9s et \u00e0 des solutions modulaires, il est possible d\u2019implanter des acc\u00e8s s\u00fbrs de mani\u00e8re rapide, pr\u00e9cise et contr\u00f4l\u00e9e.<\/p>\n\n\n\n<h2 class=\"wp-block-heading\">S\u00e9curit\u00e9 et conformit\u00e9 r\u00e9glementaire des acc\u00e8s verticaux<\/h2>\n\n\n\n<p>L\u2019adaptation des acc\u00e8s dans les b\u00e2timents existants exige une connaissance approfondie de la r\u00e9glementation en vigueur. Les \u00e9chelles verticales doivent respecter des exigences strictes en mati\u00e8re de r\u00e9sistance m\u00e9canique, d\u2019ergonomie, d\u2019espacement des barreaux, de protection de l\u2019utilisateur et de syst\u00e8mes antichute.<\/p>\n\n\n\n<p>Une conception incorrecte compromet non seulement la s\u00e9curit\u00e9, mais peut \u00e9galement g\u00e9n\u00e9rer des responsabilit\u00e9s juridiques pour l\u2019entreprise propri\u00e9taire de l\u2019installation. C\u2019est pourquoi il est essentiel de faire appel \u00e0 des sp\u00e9cialistes capables d\u2019int\u00e9grer d\u00e8s le d\u00e9part les crit\u00e8res techniques et normatifs applicables, notamment ceux li\u00e9s \u00e0 la <strong>norme echelle \u00e0 crinoline<\/strong>.<\/p>\n\n\n\n<h2 class=\"wp-block-heading\">Solutions sp\u00e9ciales d\u2019escaliers pour b\u00e2timents singuliers<\/h2>\n\n\n\n<p>Chaque b\u00e2timent pr\u00e9sente des contraintes propres. Des hauteurs particuli\u00e8res, des parcours complexes, des obstacles existants ou des int\u00e9grations avec des \u00e9quipements industriels rendent n\u00e9cessaire le recours \u00e0 des solutions sp\u00e9ciales d\u2019escaliers con\u00e7ues sur mesure.<\/p>\n\n\n\n<p>Ce type de solutions permet d\u2019adapter l\u2019acc\u00e8s vertical \u00e0 la r\u00e9alit\u00e9 de l\u2019environnement, en optimisant \u00e0 la fois la s\u00e9curit\u00e9 et la fonctionnalit\u00e9, notamment dans le cas d\u2019un <strong>escalier industriel<\/strong> ou d\u2019un acc\u00e8s technique sp\u00e9cifique.<\/p>\n\n\n\n<h2 class=\"wp-block-heading\">L\u2019exp\u00e9rience d\u2019ESLA dans l\u2019adaptation des acc\u00e8s<\/h2>\n\n\n\n<p>ESLA poss\u00e8de une vaste exp\u00e9rience dans la conception et la fabrication d\u2019\u00e9chelles verticales et de solutions sp\u00e9ciales d\u2019escaliers pour b\u00e2timents existants. Notre approche combine ing\u00e9nierie, s\u00e9curit\u00e9 et connaissance normative, permettant de d\u00e9velopper des solutions fiables m\u00eame dans des environnements complexes ou pr\u00e9sentant de fortes limitations techniques.<\/p>\n\n\n\n<p>Chaque projet est abord\u00e9 de mani\u00e8re personnalis\u00e9e, en analysant les conditions r\u00e9elles du b\u00e2timent et en proposant une solution qui s\u2019int\u00e8gre efficacement, sans travaux structurels inutiles et avec une garantie totale de s\u00e9curit\u00e9 et de durabilit\u00e9.<\/p>\n\n\n\n<h2 class=\"wp-block-heading\">Un investissement en s\u00e9curit\u00e9 et efficacit\u00e9 op\u00e9rationnelle<\/h2>\n\n\n\n<p>La bonne adaptation des \u00e9chelles verticales ne doit pas \u00eatre comprise comme une simple exigence technique, mais comme un investissement strat\u00e9gique. Un acc\u00e8s bien con\u00e7u r\u00e9duit les risques professionnels, am\u00e9liore les temps de maintenance et prolonge la dur\u00e9e de vie des installations, apportant une valeur \u00e0 long terme au b\u00e2timent.<\/p>\n\n\n\n<p>Dans un environnement industriel de plus en plus r\u00e9glement\u00e9 et exigeant, disposer d\u2019acc\u00e8s verticaux s\u00fbrs et professionnels fait toute la diff\u00e9rence.<\/p>\n\n\n\n<h2 class=\"wp-block-heading\">Contactez ESLA pour votre projet d\u2019adaptation<\/h2>\n\n\n\n<p>Si vous devez adapter des acc\u00e8s en hauteur dans un b\u00e2timent existant, ESLA est un partenaire technique de confiance. Notre \u00e9quipe \u00e9tudie chaque cas afin de proposer des <strong>\u00e9chelle \u00e0 crinoline<\/strong> qui s\u2019int\u00e8grent sans travaux structurels et respectent les normes de s\u00e9curit\u00e9 les plus \u00e9lev\u00e9es.<\/p>\n\n\n\n<p><strong><a href=\"https:\/\/www.esla.eu\/fr\/contact\/\">Contactez-nous <\/a><\/strong>et d\u00e9couvrez comment nous pouvons vous aider \u00e0 am\u00e9liorer la s\u00e9curit\u00e9, l\u2019efficacit\u00e9 et la fonctionnalit\u00e9 de vos installations gr\u00e2ce \u00e0 des solutions d\u2019acc\u00e8s con\u00e7ues sur mesure.<\/p>\n\n\n\n<p><\/p>\n","protected":false},"excerpt":{"rendered":"<p>L\u2019adaptation d\u2019\u00e9chelles verticales dans les b\u00e2timents existants est une n\u00e9cessit\u00e9 technique courante dans les environnements industriels, logistiques et de services. De nombreuses installations ont \u00e9t\u00e9 con\u00e7ues pour des usages diff\u00e9rents de ceux d\u2019aujourd\u2019hui ou sont devenues obsol\u00e8tes face aux nouvelles exigences en mati\u00e8re de s\u00e9curit\u00e9, de maintenance et d\u2019accessibilit\u00e9. Dans ces sc\u00e9narios, disposer d\u2019acc\u00e8s verticaux [&hellip;]<\/p>\n","protected":false},"author":4,"featured_media":15499,"comment_status":"closed","ping_status":"closed","sticky":false,"template":"","format":"standard","meta":{"inline_featured_image":false,"footnotes":""},"categories":[529],"tags":[530],"class_list":["post-15472","post","type-post","status-publish","format-standard","has-post-thumbnail","hentry","category-echelles-verticales","tag-echelles-verticales"],"rttpg_featured_image_url":{"full":["https:\/\/www.esla.eu\/wp-content\/uploads\/2026\/03\/Diseno-sin-titulo-2.jpg",1200,675,false],"landscape":["https:\/\/www.esla.eu\/wp-content\/uploads\/2026\/03\/Diseno-sin-titulo-2.jpg",1200,675,false],"portraits":["https:\/\/www.esla.eu\/wp-content\/uploads\/2026\/03\/Diseno-sin-titulo-2.jpg",1200,675,false],"thumbnail":["https:\/\/www.esla.eu\/wp-content\/uploads\/2026\/03\/Diseno-sin-titulo-2-150x150.jpg",150,150,true],"medium":["https:\/\/www.esla.eu\/wp-content\/uploads\/2026\/03\/Diseno-sin-titulo-2-300x169.jpg",300,169,true],"large":["https:\/\/www.esla.eu\/wp-content\/uploads\/2026\/03\/Diseno-sin-titulo-2-1024x576.jpg",812,457,true],"1536x1536":["https:\/\/www.esla.eu\/wp-content\/uploads\/2026\/03\/Diseno-sin-titulo-2.jpg",1200,675,false],"2048x2048":["https:\/\/www.esla.eu\/wp-content\/uploads\/2026\/03\/Diseno-sin-titulo-2.jpg",1200,675,false],"woocommerce_thumbnail":["https:\/\/www.esla.eu\/wp-content\/uploads\/2026\/03\/Diseno-sin-titulo-2-300x169.jpg",300,169,true],"woocommerce_single":["https:\/\/www.esla.eu\/wp-content\/uploads\/2026\/03\/Diseno-sin-titulo-2-600x338.jpg",600,338,true],"woocommerce_gallery_thumbnail":["https:\/\/www.esla.eu\/wp-content\/uploads\/2026\/03\/Diseno-sin-titulo-2-100x56.jpg",100,56,true]},"rttpg_author":{"display_name":"Emma Garc\u00eda","author_link":"https:\/\/www.esla.eu\/fr\/author\/emma\/"},"rttpg_comment":0,"rttpg_category":"<a href=\"https:\/\/www.esla.eu\/fr\/category\/echelles-verticales\/\" rel=\"category tag\">\u00c9chelles verticales<\/a>","rttpg_excerpt":"L\u2019adaptation d\u2019\u00e9chelles verticales dans les b\u00e2timents existants est une n\u00e9cessit\u00e9 technique courante dans les environnements industriels, logistiques et de services. De nombreuses installations ont \u00e9t\u00e9 con\u00e7ues pour des usages diff\u00e9rents de ceux d\u2019aujourd\u2019hui ou sont devenues obsol\u00e8tes face aux nouvelles exigences en mati\u00e8re de s\u00e9curit\u00e9, de maintenance et d\u2019accessibilit\u00e9. Dans ces sc\u00e9narios, disposer d\u2019acc\u00e8s verticaux\u2026","_links":{"self":[{"href":"https:\/\/www.esla.eu\/fr\/wp-json\/wp\/v2\/posts\/15472","targetHints":{"allow":["GET"]}}],"collection":[{"href":"https:\/\/www.esla.eu\/fr\/wp-json\/wp\/v2\/posts"}],"about":[{"href":"https:\/\/www.esla.eu\/fr\/wp-json\/wp\/v2\/types\/post"}],"author":[{"embeddable":true,"href":"https:\/\/www.esla.eu\/fr\/wp-json\/wp\/v2\/users\/4"}],"replies":[{"embeddable":true,"href":"https:\/\/www.esla.eu\/fr\/wp-json\/wp\/v2\/comments?post=15472"}],"version-history":[{"count":1,"href":"https:\/\/www.esla.eu\/fr\/wp-json\/wp\/v2\/posts\/15472\/revisions"}],"predecessor-version":[{"id":15473,"href":"https:\/\/www.esla.eu\/fr\/wp-json\/wp\/v2\/posts\/15472\/revisions\/15473"}],"wp:featuredmedia":[{"embeddable":true,"href":"https:\/\/www.esla.eu\/fr\/wp-json\/wp\/v2\/media\/15499"}],"wp:attachment":[{"href":"https:\/\/www.esla.eu\/fr\/wp-json\/wp\/v2\/media?parent=15472"}],"wp:term":[{"taxonomy":"category","embeddable":true,"href":"https:\/\/www.esla.eu\/fr\/wp-json\/wp\/v2\/categories?post=15472"},{"taxonomy":"post_tag","embeddable":true,"href":"https:\/\/www.esla.eu\/fr\/wp-json\/wp\/v2\/tags?post=15472"}],"curies":[{"name":"wp","href":"https:\/\/api.w.org\/{rel}","templated":true}]}}